{"id":6766,"date":"2022-06-07T21:51:12","date_gmt":"2022-06-07T21:51:12","guid":{"rendered":"https:\/\/www.notiflashmexiquense.com.mx\/?p=6766"},"modified":"2022-06-07T21:51:12","modified_gmt":"2022-06-07T21:51:12","slug":"afirma-higinio-martinez-que-continuara-proceso-de-cambio-en-el-estado-de-mexico","status":"publish","type":"post","link":"https:\/\/www.notiflashmexiquense.com.mx\/?p=6766","title":{"rendered":"Afirma Higinio Mart\u00ednez que continuar\u00e1 proceso de cambio en el Estado de M\u00e9xico"},"content":{"rendered":"\n<p>\uf0d8 Antes de 3 meses Morena deber\u00e1 tener claro qui\u00e9n ser\u00e1 su abanderado<\/p>\n\n\n\n<p>\uf0d8 El reto es llegar a gobernar y no defraudar a la gente<\/p>\n\n\n\n<p>\uf0d8 La alianza que se tiene que seguir construyendo en el Edomex es con la sociedad: Maurilio Hern\u00e1ndez<\/p>\n\n\n\n<p>Tultitl\u00e1n, M\u00e9x, 07 de junio de 2022. Tras la contienda electoral del domingo, que favoreci\u00f3 a Morena en 4 de las 6 entidades que participaron, el senador Higinio Mart\u00ednez Miranda encabez\u00f3 el encuentro regional \u201cMexiquenses de Coraz\u00f3n\u201d, donde afirm\u00f3 que se continuar\u00e1 el proceso del cambio ahora en el Estado de M\u00e9xico y antes de tres meses Morena deber\u00e1 tener claro qui\u00e9n ser\u00e1 su abanderado, sea hombre o mujer, y como respuesta, se escuch\u00f3 el grito, \u00a1que sea hombre y de Texcoco!<\/p>\n\n\n\n<p>Al grito de \u00a1Gobernador!, refiri\u00f3 que los ciudadanos, que tienen derecho a expresar su opini\u00f3n, est\u00e1n obligados a externarse con todo el coraz\u00f3n, con toda la capacidad a marcar la ruta que los llevar\u00e1 a ganar el 2023 y a cambiar el destino de los casi 18 millones de mexiquenses. Y ser\u00e1n quienes decidan quien encabece los destinos del Estado de M\u00e9xico y debe ir en consenso, quien aglutine a la mayor\u00eda.<\/p>\n\n\n\n<p>En Tultitl\u00e1n, acompa\u00f1aron al senador Higinio Mart\u00ednez, el coordinador de la bancada de Morena en el Congreso Local, Maurilio Hern\u00e1ndez, la delegada estatal de Morena, la senadora Martha Guerrero; los y las diputadas locales de Karina Labastida, Jorge Garc\u00eda, Marco Cruz, Ariel Ju\u00e1rez; as\u00ed como diputados federales, Roberto Dom\u00ednguez, Gustavo Contreras; las y los presidentes municipales de Tultitl\u00e1n, Elena Garc\u00eda; de Melchor Ocampo, Victoria V\u00edquez; de Tultepec, Sergio Luna Cortes; de Nextlalpan, Lorena Alameda; entre otros y l\u00edderes regionales, y expresidentes municipales.<\/p>\n\n\n\n<p>Ante los liderazgos regionales presentes del Valle de M\u00e9xico, el senador texcocano convoc\u00f3 a los eventos multitudinarios que se realizar\u00e1n este s\u00e1bado 11 de junio, en el que participar\u00e1 todo el Valle de M\u00e9xico, en Texcoco y el s\u00e1bado 18 con gente del Valle de Toluca, en la capital mexiquense ante 30 mil habitantes de esta zona, y finalmente otro m\u00e1s, el domingo 26 de junio con 20 mil mujeres en la Arena Ciudad de M\u00e9xico.<\/p>\n\n\n\n<p>En su discurso, ante un auditorio repleto, asegur\u00f3 que solo un peque\u00f1o porcentaje, cerca de un mill\u00f3n y medio, son quienes piensan que el PRI debe seguir gobernando, y no quieren el cambio y m\u00e1s de 12 millones quieren el cambio. Por ello, asegur\u00f3, el reto es llegar a gobernar y no defraudar a la gente, se tiene que demostrar a la poblaci\u00f3n por qu\u00e9 confi\u00f3 en Morena, y para ello se realizan estas reuniones, se hablar\u00e1 de la problem\u00e1tica que vive la entidad, y conocer qu\u00e9 se debe hacer para avanzar.<\/p>\n\n\n\n<p>El senador, enfatiz\u00f3, hoy les digo, falta un a\u00f1o, se acerca la fecha, vengo despu\u00e9s de las elecciones de este domingo, donde se logr\u00f3 4 de 6. Pese a que el PRI y el PAN, dicen lo contrario, que ellos ganaron. Tan solo perdieron Tamaulipas, Oaxaca, Quintana Roo e Hidalgo.<\/p>\n\n\n\n<p>Hoy vamos a llegar a la contienda electoral del 2023, con 22 gubernaturas que hoy tiene Morena, hace 6 a\u00f1os no ten\u00edamos m\u00e1s que la Ciudad de M\u00e9xico, Morena gana a partir de 2018, lo que significa que la gente quiere un cambio, que ya no soporta, que ya no quiere m\u00e1s al PRI en las entidades.<\/p>\n\n\n\n<p>Ante liderazgos regionales, afirm\u00f3 que, en este movimiento cabe la sociedad civil, las organizaciones sociales, los maestros, todos Mexiquenses de Coraz\u00f3n para transformar el Estado de M\u00e9xico, ante quienes asegur\u00f3 que no se puede luchar toda la vida y llegar al gobierno, para ser un verdadero fraude.<\/p>\n\n\n\n<p>El senador de Texcoco, se\u00f1al\u00f3, se requiere un cambio real, no vamos con la intenci\u00f3n de quitar a los priistas y ya, porque la entidad tiene problem\u00e1ticas marcadas, no se puede seguir con las viejas pr\u00e1cticas del PRI, no se les puede decir a la poblaci\u00f3n eso, el compromiso es contar y decir si se pudo hacer, lo que la gente requiere.<\/p>\n\n\n\n<p>A la convenci\u00f3n regional, acudieron liderazgos de Tultitl\u00e1n, Tultepec, Coacalco, Jaltenco, Melchor Ocampo, Atizap\u00e1n de Zaragoza, Cuautitl\u00e1n Izcalli, Cuautitl\u00e1n, Zumpango, Tonanitla, Naucalpan, Tepotzotl\u00e1n, Teoloyucan, Coyotepec y Huehuetoca, ante quienes asegur\u00f3 que ya no se puede seguir desarrollando, porque la entidad no puede seguir crecimiento de forma desordenada.<\/p>\n\n\n\n<p>En el encuentro el diputado Maurilio Hern\u00e1ndez, expres\u00f3 que se empujar\u00e1 el cambio con el movimiento de Mexiquenses de Coraz\u00f3n, que involucra a los militantes, simpatizantes de Morena, y aquellos j\u00f3venes con diversas formaciones, con una visi\u00f3n diversa del qu\u00e9 hacer y no hacer para la transformaci\u00f3n.<\/p>\n\n\n\n<p>El presidente de la Junta de Coordinaci\u00f3n Pol\u00edtica, asegur\u00f3 que se trata de cambiar las condiciones de vida de los mexiquenses, se tiene que ser pol\u00edticamente inteligentes, porque la alianza que se tiene que seguir construyendo es con la sociedad organizada, se necesita fortalecer el movimiento engrandeci\u00e9ndolo, con disciplina y compromiso. Y concluy\u00f3, que bueno que sigue la transformaci\u00f3n, y al PRI s\u00f3lo le quedan dos estados, Coahuila y Estado de M\u00e9xico, y la entidad ya no ser\u00e1 gobernada por el PRI.<\/p>\n\n\n\n<p>En su oportunidad, Elena Garc\u00eda, alcaldesa anfitriona, asegur\u00f3 que, en esta reuni\u00f3n regional, se congregaron mujeres y hombres que decidieron caminar al lado del senador Higinio Mart\u00ednez, como Mexiquenses de Coraz\u00f3n, por ello se organizan y marcan la ruta que viene para el 2023.<\/p>\n","protected":false},"excerpt":{"rendered":"<p>&#61656; Antes de 3 meses Morena deber&aacute; tener claro qui&eacute;n ser&aacute; su abanderado &#61656; El&#8230;<\/p>\n","protected":false},"author":1,"featured_media":6767,"comment_status":"closed","ping_status":"closed","sticky":false,"template":"","format":"standard","meta":{"footnotes":""},"categories":[1],"tags":[],"class_list":["post-6766","post","type-post","status-publish","format-standard","has-post-thumbnail","hentry","category-noticias"],"_links":{"self":[{"href":"https:\/\/www.notiflashmexiquense.com.mx\/index.php?rest_route=\/wp\/v2\/posts\/6766","targetHints":{"allow":["GET"]}}],"collection":[{"href":"https:\/\/www.notiflashmexiquense.com.mx\/index.php?rest_route=\/wp\/v2\/posts"}],"about":[{"href":"https:\/\/www.notiflashmexiquense.com.mx\/index.php?rest_route=\/wp\/v2\/types\/post"}],"author":[{"embeddable":true,"href":"https:\/\/www.notiflashmexiquense.com.mx\/index.php?rest_route=\/wp\/v2\/users\/1"}],"replies":[{"embeddable":true,"href":"https:\/\/www.notiflashmexiquense.com.mx\/index.php?rest_route=%2Fwp%2Fv2%2Fcomments&post=6766"}],"version-history":[{"count":1,"href":"https:\/\/www.notiflashmexiquense.com.mx\/index.php?rest_route=\/wp\/v2\/posts\/6766\/revisions"}],"predecessor-version":[{"id":6768,"href":"https:\/\/www.notiflashmexiquense.com.mx\/index.php?rest_route=\/wp\/v2\/posts\/6766\/revisions\/6768"}],"wp:featuredmedia":[{"embeddable":true,"href":"https:\/\/www.notiflashmexiquense.com.mx\/index.php?rest_route=\/wp\/v2\/media\/6767"}],"wp:attachment":[{"href":"https:\/\/www.notiflashmexiquense.com.mx\/index.php?rest_route=%2Fwp%2Fv2%2Fmedia&parent=6766"}],"wp:term":[{"taxonomy":"category","embeddable":true,"href":"https:\/\/www.notiflashmexiquense.com.mx\/index.php?rest_route=%2Fwp%2Fv2%2Fcategories&post=6766"},{"taxonomy":"post_tag","embeddable":true,"href":"https:\/\/www.notiflashmexiquense.com.mx\/index.php?rest_route=%2Fwp%2Fv2%2Ftags&post=6766"}],"curies":[{"name":"wp","href":"https:\/\/api.w.org\/{rel}","templated":true}]}}