{"id":6620,"date":"2022-06-03T20:37:11","date_gmt":"2022-06-03T20:37:11","guid":{"rendered":"https:\/\/www.notiflashmexiquense.com.mx\/?p=6620"},"modified":"2022-06-03T20:37:12","modified_gmt":"2022-06-03T20:37:12","slug":"compartimos-una-lucha-comun-con-delfina-gomez-y-horacio-duarte-higinio-martinez","status":"publish","type":"post","link":"https:\/\/www.notiflashmexiquense.com.mx\/?p=6620","title":{"rendered":"Compartimos una lucha com\u00fan con Delfina G\u00f3mez y Horacio Duarte: Higinio Mart\u00ednez"},"content":{"rendered":"\n<p>\uf0fc Rumbo a la gubernatura del Estado de M\u00e9xico habr\u00e1 coordinaci\u00f3n entre los tres texcocanos<\/p>\n\n\n\n<p>\uf0fc El PRI y el PAN se equivocan al apostar por el divisionismo al interior de Morena.<\/p>\n\n\n\n<p>Texcoco, M\u00e9x, 3 de junio de 2022.-El senador Higinio Mart\u00ednez indic\u00f3 que, en la lucha por la transformaci\u00f3n del Estado de M\u00e9xico, habr\u00e1 coordinaci\u00f3n con la maestra Delfina G\u00f3mez y con Horacio Duarte.<\/p>\n\n\n\n<p>As\u00ed lo acordaron los tres mexiquenses durante el encuentro que celebraron el pasado martes en la Ciudad de M\u00e9xico, donde la Jefa de Gobierno, Claudia Sheinbaum, fungi\u00f3 como anfitriona.<\/p>\n\n\n\n<p>\u201cFue una reuni\u00f3n muy cordial, muy productiva, en la que coincidimos en la necesidad de estar unidos con miras al proceso electoral del pr\u00f3ximo a\u00f1o\u201d, se\u00f1al\u00f3 en entrevista.<\/p>\n\n\n\n<p>\u201cEn este momento es necesario dejar de lado todo tipo de protagonismos y enfocar las bater\u00edas en hacer llegar la Cuarta Transformaci\u00f3n a aquellos lugares que est\u00e1n cooptados por grupos de inter\u00e9s\u201d, a\u00f1adi\u00f3.<\/p>\n\n\n\n<p>El texcocano record\u00f3 que a lo largo de su trayectoria ha conocido a l\u00edderes sociales con quienes ha forjado una s\u00f3lida amistad, pues comparten ideales comunes.<\/p>\n\n\n\n<p>\u201cEmpec\u00e9 en la lucha social hace 46 a\u00f1os, tiempo que me ha dado la oportunidad de conocer a miles de mujeres y hombres de bien, comprometidos con el cambio de las condiciones de desigualdad resultado de los reg\u00edmenes priistas.<\/p>\n\n\n\n<p>\u201cEntre ellos, resalto los nombres de la maestra Delfina G\u00f3mez, hoy Secretaria de Educaci\u00f3n, y de Horacio Duarte, titular de Aduanas\u201d, dijo.<\/p>\n\n\n\n<p>Agreg\u00f3 que sus adversarios del PRI y el PAN se equivocan al apostar por el divisionismo al interior de Morena.<\/p>\n\n\n\n<p>\u201cHoy, m\u00e1s que nunca, debemos reforzar la unidad al interior de Morena. Los opositores quieren retener a como d\u00e9 lugar el gobierno del Estado de M\u00e9xico en los comicios que se celebrar\u00e1n en junio del 2023.<\/p>\n\n\n\n<p>\u201cYa iniciaron sus intentos por sembrar discordia y separarnos, pero no lo van a lograr. Con la maestra Delfina G\u00f3mez y Horacio Duarte compartimos ideas, principios y trabajo a favor de las y los mexiquenses, esos lazos son s\u00f3lidos e inquebrantables\u201d, coment\u00f3.<\/p>\n\n\n\n<p>Mart\u00ednez Miranda asever\u00f3 que los pr\u00f3ximos meses se caracterizar\u00e1n por un intenso trabajo con las bases morenistas.<\/p>\n\n\n\n<p>\u201cLas y los representantes en las comunidades, pueblos, colonias y barrios, est\u00e1n preparados para realizar las labores de acercamiento con la sociedad, para hablar de la necesidad de terminar con el r\u00e9gimen corrupto que dirige la administraci\u00f3n estatal y transitar hacia un nuevo modelo de gobierno.<\/p>\n\n\n\n<p>\u201cLos militantes ser\u00e1n los responsables de denunciar tambi\u00e9n cualquier acto contrario a la ley por parte del PRI y el PAN que contravengan las reglas electorales\u201d, indic\u00f3.<\/p>\n\n\n\n<p>Y adelant\u00f3 que durante los pr\u00f3ximos cuatro meses reforzar\u00e1, durante los fines de semana, sus visitas a distintas comunidades del Estado.<\/p>\n","protected":false},"excerpt":{"rendered":"<p>&#61692; Rumbo a la gubernatura del Estado de M&eacute;xico habr&aacute; coordinaci&oacute;n entre los tres texcocanos&#8230;<\/p>\n","protected":false},"author":1,"featured_media":6621,"comment_status":"closed","ping_status":"closed","sticky":false,"template":"","format":"standard","meta":{"footnotes":""},"categories":[42],"tags":[],"class_list":["post-6620","post","type-post","status-publish","format-standard","has-post-thumbnail","hentry","category-legislatura-mexiquense-nueva-etapa"],"_links":{"self":[{"href":"https:\/\/www.notiflashmexiquense.com.mx\/index.php?rest_route=\/wp\/v2\/posts\/6620","targetHints":{"allow":["GET"]}}],"collection":[{"href":"https:\/\/www.notiflashmexiquense.com.mx\/index.php?rest_route=\/wp\/v2\/posts"}],"about":[{"href":"https:\/\/www.notiflashmexiquense.com.mx\/index.php?rest_route=\/wp\/v2\/types\/post"}],"author":[{"embeddable":true,"href":"https:\/\/www.notiflashmexiquense.com.mx\/index.php?rest_route=\/wp\/v2\/users\/1"}],"replies":[{"embeddable":true,"href":"https:\/\/www.notiflashmexiquense.com.mx\/index.php?rest_route=%2Fwp%2Fv2%2Fcomments&post=6620"}],"version-history":[{"count":1,"href":"https:\/\/www.notiflashmexiquense.com.mx\/index.php?rest_route=\/wp\/v2\/posts\/6620\/revisions"}],"predecessor-version":[{"id":6622,"href":"https:\/\/www.notiflashmexiquense.com.mx\/index.php?rest_route=\/wp\/v2\/posts\/6620\/revisions\/6622"}],"wp:featuredmedia":[{"embeddable":true,"href":"https:\/\/www.notiflashmexiquense.com.mx\/index.php?rest_route=\/wp\/v2\/media\/6621"}],"wp:attachment":[{"href":"https:\/\/www.notiflashmexiquense.com.mx\/index.php?rest_route=%2Fwp%2Fv2%2Fmedia&parent=6620"}],"wp:term":[{"taxonomy":"category","embeddable":true,"href":"https:\/\/www.notiflashmexiquense.com.mx\/index.php?rest_route=%2Fwp%2Fv2%2Fcategories&post=6620"},{"taxonomy":"post_tag","embeddable":true,"href":"https:\/\/www.notiflashmexiquense.com.mx\/index.php?rest_route=%2Fwp%2Fv2%2Ftags&post=6620"}],"curies":[{"name":"wp","href":"https:\/\/api.w.org\/{rel}","templated":true}]}}