{"id":5636,"date":"2022-04-26T21:18:35","date_gmt":"2022-04-26T21:18:35","guid":{"rendered":"https:\/\/www.notiflashmexiquense.com.mx\/?p=5636"},"modified":"2022-04-26T21:18:36","modified_gmt":"2022-04-26T21:18:36","slug":"en-sesion-de-cabildo-el-gobierno-de-tlalnepantla-lanza-la-convocatoria-para-cronista-municipal","status":"publish","type":"post","link":"https:\/\/www.notiflashmexiquense.com.mx\/?p=5636","title":{"rendered":"EN SESI\u00d3N DE CABILDO, EL GOBIERNO DE TLALNEPANTLA LANZA LA CONVOCATORIA PARA CRONISTA MUNICIPAL"},"content":{"rendered":"\n<p>\u25cf Los interesados podr\u00e1n registrarse del 28 de abril al 13 de mayo en las oficinas de la Secretar\u00eda del Ayuntamiento<br>\u25cf Continuar\u00e1n labores de desazolve en r\u00edos y cuencas, \u201cno queremos sorpresas\u201d durante las lluvias, se\u00f1ala.<\/p>\n\n\n\n<p><em>Tlalnepantla de Baz, Estado de M\u00e9xico, a 26 de abril de 2022.-<\/em> En el marco de la d\u00e9cima sesi\u00f3n ordinaria del Ayuntamiento, el Cabildo de Tlalnepantla aprob\u00f3 por unanimidad la convocatoria para la designaci\u00f3n del Cronista Municipal, a fin de contar con una figura que conozca la historia del municipio y realice la labor de difusi\u00f3n para que las nuevas generaciones sientan arraigo por el lugar en el que viven.<\/p>\n\n\n\n<p>Dicha convocatoria estar\u00e1 abierta a partir del 28 de abril y hasta el 13 de mayo de 2022, para poder participar los interesados deber\u00e1n cumplir una serie de requisitos y con el proceso que el Ayuntamiento local determin\u00f3.<\/p>\n\n\n\n<p>Los ciudadanos que aspiren a dicho cargo deber\u00e1n haber nacido en Tlalnepantla o tener una residencia en el municipio no menor a 10 a\u00f1os, conocer la historia, costumbres, tradiciones, desarrollo cultural, modernizaci\u00f3n y dem\u00e1s elementos que dan identidad a esta ciudad.<\/p>\n\n\n\n<p>Asimismo, deber\u00e1n poseer una reconocida honorabilidad y buena reputaci\u00f3n, ser mayor de 23 a\u00f1os de edad, no haber sido condenado por delitos de car\u00e1cter doloso, as\u00ed como contar preferentemente con t\u00edtulo de licenciado en Historia o una disciplina af\u00edn.<\/p>\n\n\n\n<p>El 16 de mayo se publicar\u00e1 en el portal del Gobierno Municipal la lista de quienes cumplieron con los requisitos y cuyo expediente ser\u00e1 turnado a una Comisi\u00f3n Edilicia Transitoria que determinar\u00e1 qui\u00e9n cumple con el mejor perfil para desempe\u00f1ar la labor de Cronista y proceder\u00e1 a su designaci\u00f3n.<\/p>\n\n\n\n<p>Respecto a las acciones que llevan a cabo los tres \u00f3rdenes de gobierno para desazolvar r\u00edos y cuencas, Rodr\u00edguez Hurtado dej\u00f3 claro que se intensificar\u00e1n los trabajos ante las lluvias que comienzan a presentarse en el territorio tlalnepantlense.<br>\u201cNo bajaremos la guardia, las lluvias ya est\u00e1n; queremos trabajar para prevenir, no actuar despu\u00e9s de que haya sucedido una desgracia\u00bb<\/p>\n\n\n\n<p>Todas las cuencas est\u00e1n revis\u00e1ndose, los c\u00e1rcamos, las bombas que est\u00e1n en reparaci\u00f3n, porque no queremos sorpresas\u201d, indic\u00f3 Tony Rodr\u00edguez<\/p>\n\n\n\n<p>Finalmente se presentaron los informes trimestrales de las comisiones edilicias de Hacienda y de Asuntos Metropolitanos; de Turismo y Empleo, adem\u00e1s de Protecci\u00f3n e Inclusi\u00f3n de Personas con Discapacidad y Grupos Vulnerables.<\/p>\n","protected":false},"excerpt":{"rendered":"<p>&#9679; Los interesados podr&aacute;n registrarse del 28 de abril al 13 de mayo en las&#8230;<\/p>\n","protected":false},"author":1,"featured_media":5637,"comment_status":"closed","ping_status":"closed","sticky":false,"template":"","format":"standard","meta":{"footnotes":""},"categories":[45],"tags":[],"class_list":["post-5636","post","type-post","status-publish","format-standard","has-post-thumbnail","hentry","category-atizapan-de-zaragoza"],"_links":{"self":[{"href":"https:\/\/www.notiflashmexiquense.com.mx\/index.php?rest_route=\/wp\/v2\/posts\/5636","targetHints":{"allow":["GET"]}}],"collection":[{"href":"https:\/\/www.notiflashmexiquense.com.mx\/index.php?rest_route=\/wp\/v2\/posts"}],"about":[{"href":"https:\/\/www.notiflashmexiquense.com.mx\/index.php?rest_route=\/wp\/v2\/types\/post"}],"author":[{"embeddable":true,"href":"https:\/\/www.notiflashmexiquense.com.mx\/index.php?rest_route=\/wp\/v2\/users\/1"}],"replies":[{"embeddable":true,"href":"https:\/\/www.notiflashmexiquense.com.mx\/index.php?rest_route=%2Fwp%2Fv2%2Fcomments&post=5636"}],"version-history":[{"count":1,"href":"https:\/\/www.notiflashmexiquense.com.mx\/index.php?rest_route=\/wp\/v2\/posts\/5636\/revisions"}],"predecessor-version":[{"id":5638,"href":"https:\/\/www.notiflashmexiquense.com.mx\/index.php?rest_route=\/wp\/v2\/posts\/5636\/revisions\/5638"}],"wp:featuredmedia":[{"embeddable":true,"href":"https:\/\/www.notiflashmexiquense.com.mx\/index.php?rest_route=\/wp\/v2\/media\/5637"}],"wp:attachment":[{"href":"https:\/\/www.notiflashmexiquense.com.mx\/index.php?rest_route=%2Fwp%2Fv2%2Fmedia&parent=5636"}],"wp:term":[{"taxonomy":"category","embeddable":true,"href":"https:\/\/www.notiflashmexiquense.com.mx\/index.php?rest_route=%2Fwp%2Fv2%2Fcategories&post=5636"},{"taxonomy":"post_tag","embeddable":true,"href":"https:\/\/www.notiflashmexiquense.com.mx\/index.php?rest_route=%2Fwp%2Fv2%2Ftags&post=5636"}],"curies":[{"name":"wp","href":"https:\/\/api.w.org\/{rel}","templated":true}]}}