{"id":5412,"date":"2022-04-15T03:04:08","date_gmt":"2022-04-15T03:04:08","guid":{"rendered":"https:\/\/www.notiflashmexiquense.com.mx\/?p=5412"},"modified":"2022-04-15T03:04:09","modified_gmt":"2022-04-15T03:04:09","slug":"angeles-zuppa-toma-protesta-a-autoridades-auxiliares-en-tepotzotlan","status":"publish","type":"post","link":"https:\/\/www.notiflashmexiquense.com.mx\/?p=5412","title":{"rendered":"\u00c1ngeles Zuppa toma protesta a autoridades auxiliares en Tepotzotl\u00e1n"},"content":{"rendered":"\n<p>Amigas y amigos les comparto que el d\u00eda de hoy entregu\u00e9 nombramientos y le tom\u00e9 protesta a las nuevas autoridades auxiliares para el per\u00edodo 2022-2025.<br>Reafirm\u00e9 mi compromiso de trabajar juntos en favor de nuestras comunidades para responder a la confianza ciudadana que en su momento me favoreci\u00f3 con el voto y ahora a ellos.<\/p>\n\n\n\n<p>\u00a1Con responsabilidad, honestidad y amor por Tepotzotl\u00e1n a trabajar juntos, felicidades!<\/p>\n\n\n\n<h4 class=\"wp-block-heading\">AmorYservicioPorTepotzotl\u00e1n \ud83e\udde1<\/h4>\n","protected":false},"excerpt":{"rendered":"<p>Amigas y amigos les comparto que el d&iacute;a de hoy entregu&eacute; nombramientos y le tom&eacute;&#8230;<\/p>\n","protected":false},"author":1,"featured_media":5413,"comment_status":"closed","ping_status":"closed","sticky":false,"template":"","format":"standard","meta":{"footnotes":""},"categories":[13],"tags":[],"class_list":["post-5412","post","type-post","status-publish","format-standard","has-post-thumbnail","hentry","category-tepotzotlan"],"_links":{"self":[{"href":"https:\/\/www.notiflashmexiquense.com.mx\/index.php?rest_route=\/wp\/v2\/posts\/5412","targetHints":{"allow":["GET"]}}],"collection":[{"href":"https:\/\/www.notiflashmexiquense.com.mx\/index.php?rest_route=\/wp\/v2\/posts"}],"about":[{"href":"https:\/\/www.notiflashmexiquense.com.mx\/index.php?rest_route=\/wp\/v2\/types\/post"}],"author":[{"embeddable":true,"href":"https:\/\/www.notiflashmexiquense.com.mx\/index.php?rest_route=\/wp\/v2\/users\/1"}],"replies":[{"embeddable":true,"href":"https:\/\/www.notiflashmexiquense.com.mx\/index.php?rest_route=%2Fwp%2Fv2%2Fcomments&post=5412"}],"version-history":[{"count":1,"href":"https:\/\/www.notiflashmexiquense.com.mx\/index.php?rest_route=\/wp\/v2\/posts\/5412\/revisions"}],"predecessor-version":[{"id":5414,"href":"https:\/\/www.notiflashmexiquense.com.mx\/index.php?rest_route=\/wp\/v2\/posts\/5412\/revisions\/5414"}],"wp:featuredmedia":[{"embeddable":true,"href":"https:\/\/www.notiflashmexiquense.com.mx\/index.php?rest_route=\/wp\/v2\/media\/5413"}],"wp:attachment":[{"href":"https:\/\/www.notiflashmexiquense.com.mx\/index.php?rest_route=%2Fwp%2Fv2%2Fmedia&parent=5412"}],"wp:term":[{"taxonomy":"category","embeddable":true,"href":"https:\/\/www.notiflashmexiquense.com.mx\/index.php?rest_route=%2Fwp%2Fv2%2Fcategories&post=5412"},{"taxonomy":"post_tag","embeddable":true,"href":"https:\/\/www.notiflashmexiquense.com.mx\/index.php?rest_route=%2Fwp%2Fv2%2Ftags&post=5412"}],"curies":[{"name":"wp","href":"https:\/\/api.w.org\/{rel}","templated":true}]}}