{"id":5195,"date":"2022-04-05T06:06:03","date_gmt":"2022-04-05T06:06:03","guid":{"rendered":"https:\/\/www.notiflashmexiquense.com.mx\/?p=5195"},"modified":"2022-04-05T06:06:04","modified_gmt":"2022-04-05T06:06:04","slug":"impulsaran-autoridades-estatales-y-municipales-sabores-de-mi-campo-en-melchor-ocampo","status":"publish","type":"post","link":"https:\/\/www.notiflashmexiquense.com.mx\/?p=5195","title":{"rendered":"IMPULSAR\u00c1N AUTORIDADES ESTATALES Y MUNICIPALES SABORES DE MI CAMPO EN MELCHOR OCAMPO"},"content":{"rendered":"\n<p>\u2022 Sabores de mi Campo, es marca registrada y est\u00e1 conformado por peque\u00f1as productoras del Ejido de Villa Mar\u00eda y La Reforma de Melchor Ocampo.<br>\u2022 El objetivo es promover el consumo de productos frescos locales directamente en la mesa de los melchorocampenses.<\/p>\n\n\n\n<p>Encabezadas por Leticia Mej\u00eda Garc\u00eda, Secretaria del Campo, la alcaldesa Victoria V\u00edquez Vega y el diputado Local, Marco Antonio Cruz; acordaron sumar esfuerzos para impulsar a un grupo de 30 peque\u00f1as productoras agr\u00edcolas del Ejido Villa Mar\u00eda y La Reforma de este municipio.<\/p>\n\n\n\n<p>Conformadas como una asociaci\u00f3n desde hace m\u00e1s de dos a\u00f1os, y ya con marca registrada y reconocida como Sabores de mi Campo, este grupo de entusiastas mujeres recibieron en el Ejido de Villa Mar\u00eda a diversas autoridades estatales y municipales para mostrarles parte de sus procesos de cultivo, invernadero, temazcal, as\u00ed como diversos productos elaborados en el lugar.<br>La alcaldesa Victoria V\u00edquez Vega, comprometi\u00f3 el esfuerzo del gobierno que preside de impulsar la vocaci\u00f3n agr\u00edcola de Melchor Ocampo apoyando directamente a los productores locales y espec\u00edficamente a Sabores de mi Campo, brindando un espacio f\u00edsico a manera de tianguis itinerante en diversos puntos del territorio municipal donde puedan realizar la venta directa de sus productos.<\/p>\n\n\n\n<p>Adem\u00e1s, este grupo de mujeres podr\u00e1n instalar puestos de exhibici\u00f3n y venta de sus productos durante los d\u00edas de la feria anual de San Miguel de Las Canteras que se realiza en mayo en el centro del municipio y es una de las m\u00e1s grandes y concurridas celebraciones locales, con el objetivo de que la ciudadan\u00eda las conozca y se impulse el consumo y apoyo a la econom\u00eda local.<br>De igual forma, la presidenta municipal asegur\u00f3 que se har\u00e1 lo necesario para que las despensas verdes que mes con mes entrega el Sistema Municipal DIF a los adultos mayores sean elaboradas de productos producidos por Sabores de mi Campo.<\/p>\n\n\n\n<p>Leticia Mej\u00eda Garc\u00eda, Secretaria del Campo, comprometi\u00f3 el apoyo de la dependencia a su cargo para brindar asesor\u00eda agr\u00edcola y capacitaci\u00f3n en materia de apicultura a este grupo de productoras, as\u00ed como diversas mesas de trabajo para vincularlas con compradores directos dentro y fuera del municipio, de acuerdo a su capacidad productora para incrementar sus ventas.<\/p>\n\n\n\n<p>Por su parte, Maritza \u00c1lvarez Carre\u00f3n, integrante del grupo de productoras encabez\u00f3 un recorrido con las autoridades mencionadas en parte de su zona de trabajo en el Ejido de Villa Mar\u00eda, describiendo paso a paso sus procesos de producci\u00f3n, donde reconoci\u00f3 que, \u201caunque no es una producci\u00f3n a gran escala, nuestros productos cumplen los est\u00e1ndares m\u00e1s exigentes del mercado en cuanto a calidad y precio\u201d.<\/p>\n\n\n\n<p>De igual forma, solicit\u00f3 su intervenci\u00f3n para que en la medida de sus posibilidades logren obtener como grupo, subsidios agropecuarios y tecnolog\u00eda para aumentar la producci\u00f3n de alimentos, as\u00ed como el apoyo necesario para la distribuci\u00f3n y comercializaci\u00f3n de sus productos.<\/p>\n\n\n\n<p>Entre los productos elaborados por Sabores de mi Campo, se pueden encontrar mole, salsas, plantas y semillas, verduras y hortalizas, carne de conejo, huevo de gallina, codorniz y pato; as\u00ed como leche bronca y derivados tales como diversos tipos de queso, nata, reques\u00f3n y plantas cact\u00e1ceas, entre otros productos.<\/p>\n\n\n\n<p>Las personas interesadas en adquirir estos y otros productos, pueden hacerlo a trav\u00e9s de la plataforma digital pency.app\/sabores.de.mi.campo, o en p\u00e1gina de Facebook Sabores de mi campo, donde se pueden consultar todas las mercanc\u00edas que ofrecen y su precio, mismos que les pueden ser llevados hasta la puerta de su casa.<\/p>\n\n\n\n<p>En la visita y recorrido tambi\u00e9n estuvieron presentes Pablo Peralta Garc\u00eda, Secretario de Desarrollo Econ\u00f3mico y Comisionado Regional XVII Tepotzotl\u00e1n, Javier Huerta Jurado, Diputado Federal por el Distrito 37 Cuautitl\u00e1n, Enrique Jacob Garc\u00eda, Director General de Comercializaci\u00f3n, Oscar Jim\u00e9nez Ray\u00f3n, Coordinador de Delegaciones Regionales, Ricardo Iriarte Mercado, Delegado Regional en Zumpango y Alejandro Esp\u00edndola Bustos, Jefe de Fomento agropecuario de Melchor Ocampo.<\/p>\n","protected":false},"excerpt":{"rendered":"<p>&bull; Sabores de mi Campo, es marca registrada y est&aacute; conformado por peque&ntilde;as productoras del&#8230;<\/p>\n","protected":false},"author":1,"featured_media":5196,"comment_status":"closed","ping_status":"closed","sticky":false,"template":"","format":"standard","meta":{"footnotes":""},"categories":[36],"tags":[],"class_list":["post-5195","post","type-post","status-publish","format-standard","has-post-thumbnail","hentry","category-melchor-ocampo"],"_links":{"self":[{"href":"https:\/\/www.notiflashmexiquense.com.mx\/index.php?rest_route=\/wp\/v2\/posts\/5195","targetHints":{"allow":["GET"]}}],"collection":[{"href":"https:\/\/www.notiflashmexiquense.com.mx\/index.php?rest_route=\/wp\/v2\/posts"}],"about":[{"href":"https:\/\/www.notiflashmexiquense.com.mx\/index.php?rest_route=\/wp\/v2\/types\/post"}],"author":[{"embeddable":true,"href":"https:\/\/www.notiflashmexiquense.com.mx\/index.php?rest_route=\/wp\/v2\/users\/1"}],"replies":[{"embeddable":true,"href":"https:\/\/www.notiflashmexiquense.com.mx\/index.php?rest_route=%2Fwp%2Fv2%2Fcomments&post=5195"}],"version-history":[{"count":1,"href":"https:\/\/www.notiflashmexiquense.com.mx\/index.php?rest_route=\/wp\/v2\/posts\/5195\/revisions"}],"predecessor-version":[{"id":5197,"href":"https:\/\/www.notiflashmexiquense.com.mx\/index.php?rest_route=\/wp\/v2\/posts\/5195\/revisions\/5197"}],"wp:featuredmedia":[{"embeddable":true,"href":"https:\/\/www.notiflashmexiquense.com.mx\/index.php?rest_route=\/wp\/v2\/media\/5196"}],"wp:attachment":[{"href":"https:\/\/www.notiflashmexiquense.com.mx\/index.php?rest_route=%2Fwp%2Fv2%2Fmedia&parent=5195"}],"wp:term":[{"taxonomy":"category","embeddable":true,"href":"https:\/\/www.notiflashmexiquense.com.mx\/index.php?rest_route=%2Fwp%2Fv2%2Fcategories&post=5195"},{"taxonomy":"post_tag","embeddable":true,"href":"https:\/\/www.notiflashmexiquense.com.mx\/index.php?rest_route=%2Fwp%2Fv2%2Ftags&post=5195"}],"curies":[{"name":"wp","href":"https:\/\/api.w.org\/{rel}","templated":true}]}}