{"id":5067,"date":"2022-03-30T05:33:21","date_gmt":"2022-03-30T05:33:21","guid":{"rendered":"https:\/\/www.notiflashmexiquense.com.mx\/?p=5067"},"modified":"2022-03-30T05:33:21","modified_gmt":"2022-03-30T05:33:21","slug":"rinde-protesta-consejo-de-proteccion-civil-de-melchor-ocampo-2022-2024","status":"publish","type":"post","link":"https:\/\/www.notiflashmexiquense.com.mx\/?p=5067","title":{"rendered":"RINDE PROTESTA CONSEJO DE PROTECCI\u00d3N CIVIL DE MELCHOR OCAMPO 2022-2024"},"content":{"rendered":"\n<p>Fue integrado y rindi\u00f3 protesta el Consejo Municipal de Protecci\u00f3n Civil de Melchor Ocampo, como una pol\u00edtica responsable de gobierno cuyo objetivo es salvaguardar la integridad f\u00edsica de la poblaci\u00f3n, sus bienes y el entorno, ante la necesidad de prevenir siniestros provocados por causas naturales generados por el cambio clim\u00e1tico o motivados por el hombre.<\/p>\n\n\n\n<p>El Consejo es presidido por la alcaldesa Victoria V\u00edquez Vega, como Presidenta de la asamblea, Genoveva Carre\u00f3n Espinosa, Secretaria del Ayuntamiento, como Secretaria Ejecutiva y Al\u00e1n Serrano Torres, titular de la Coordinaci\u00f3n Municipal de Gesti\u00f3n Integral de Riesgos, Protecci\u00f3n Civil y H. cuerpo de Bomberos, quien fungir\u00e1 como Secretario T\u00e9cnico.<\/p>\n\n\n\n<p>El Consejo Municipal de Protecci\u00f3n Civil de Melchor Ocampo, tambi\u00e9n qued\u00f3 integrado por otros servidores p\u00fablicos de la administraci\u00f3n local, quienes desempe\u00f1ar\u00e1n tareas espec\u00edficas a fin de obtener los resultados m\u00e1s propicios en la tarea estrat\u00e9gica de prevenci\u00f3n de emergencias derivadas de desastres, a la vez de fomentar la cultura de protecci\u00f3n civil.<\/p>\n","protected":false},"excerpt":{"rendered":"<p>Fue integrado y rindi&oacute; protesta el Consejo Municipal de Protecci&oacute;n Civil de Melchor Ocampo, como&#8230;<\/p>\n","protected":false},"author":1,"featured_media":5068,"comment_status":"closed","ping_status":"closed","sticky":false,"template":"","format":"standard","meta":{"footnotes":""},"categories":[36],"tags":[],"class_list":["post-5067","post","type-post","status-publish","format-standard","has-post-thumbnail","hentry","category-melchor-ocampo"],"_links":{"self":[{"href":"https:\/\/www.notiflashmexiquense.com.mx\/index.php?rest_route=\/wp\/v2\/posts\/5067","targetHints":{"allow":["GET"]}}],"collection":[{"href":"https:\/\/www.notiflashmexiquense.com.mx\/index.php?rest_route=\/wp\/v2\/posts"}],"about":[{"href":"https:\/\/www.notiflashmexiquense.com.mx\/index.php?rest_route=\/wp\/v2\/types\/post"}],"author":[{"embeddable":true,"href":"https:\/\/www.notiflashmexiquense.com.mx\/index.php?rest_route=\/wp\/v2\/users\/1"}],"replies":[{"embeddable":true,"href":"https:\/\/www.notiflashmexiquense.com.mx\/index.php?rest_route=%2Fwp%2Fv2%2Fcomments&post=5067"}],"version-history":[{"count":1,"href":"https:\/\/www.notiflashmexiquense.com.mx\/index.php?rest_route=\/wp\/v2\/posts\/5067\/revisions"}],"predecessor-version":[{"id":5069,"href":"https:\/\/www.notiflashmexiquense.com.mx\/index.php?rest_route=\/wp\/v2\/posts\/5067\/revisions\/5069"}],"wp:featuredmedia":[{"embeddable":true,"href":"https:\/\/www.notiflashmexiquense.com.mx\/index.php?rest_route=\/wp\/v2\/media\/5068"}],"wp:attachment":[{"href":"https:\/\/www.notiflashmexiquense.com.mx\/index.php?rest_route=%2Fwp%2Fv2%2Fmedia&parent=5067"}],"wp:term":[{"taxonomy":"category","embeddable":true,"href":"https:\/\/www.notiflashmexiquense.com.mx\/index.php?rest_route=%2Fwp%2Fv2%2Fcategories&post=5067"},{"taxonomy":"post_tag","embeddable":true,"href":"https:\/\/www.notiflashmexiquense.com.mx\/index.php?rest_route=%2Fwp%2Fv2%2Ftags&post=5067"}],"curies":[{"name":"wp","href":"https:\/\/api.w.org\/{rel}","templated":true}]}}