{"id":4858,"date":"2022-03-22T06:27:25","date_gmt":"2022-03-22T06:27:25","guid":{"rendered":"https:\/\/www.notiflashmexiquense.com.mx\/?p=4858"},"modified":"2022-03-22T06:27:26","modified_gmt":"2022-03-22T06:27:26","slug":"conmemoran-en-tepotzotlan-el-216-aniversario-del-natalicio-de-benito-juarez-y-bienvenida-al-equinoccio-de-primavera","status":"publish","type":"post","link":"https:\/\/www.notiflashmexiquense.com.mx\/?p=4858","title":{"rendered":"Conmemoran en Tepotzotl\u00e1n el 216 Aniversario del Natalicio de Benito Ju\u00e1rez y bienvenida al equinoccio de primavera"},"content":{"rendered":"\n<p>Tepotzotl\u00e1n, M\u00e9x.- Conmemoran el 216 Aniversario del Natalicio de Benito Ju\u00e1rez, y la bienvenida al Equinoccio de Primavera con verbena popular en la explanada municipal.&nbsp;<\/p>\n\n\n\n<p>La alcaldesa municipal se\u00f1al\u00f3 que la mejor manera de honrar a Benito Ju\u00e1rez es defendiendo la soberan\u00eda, los derechos humanos, la dignidad de las personas y de las naciones, as\u00ed como promoviendo el bien com\u00fan, el respeto inequ\u00edvoco a la legalidad por parte de todos los actores pol\u00edticos y sociales.&nbsp;<\/p>\n\n\n\n<p>\u201cLa obra de Ju\u00e1rez fue una expresi\u00f3n fiel de la voluntad del pueblo mexicano de constituirse en una naci\u00f3n unida, soberana e independiente, se alza como l\u00edder de su generaci\u00f3n para sentar las bases del estado nacional mexicano moderno\u201d, enfatiz\u00f3.&nbsp;<\/p>\n\n\n\n<p>En el marco del D\u00eda Internacional del S\u00edndrome de Down, la alcaldesa ratific\u00f3 su compromiso con los ni\u00f1os, j\u00f3venes y adultos bajo esta condici\u00f3n especial, e hizo un llamado a la ciudadan\u00eda a contribuir a una vida digna para ellos.&nbsp;&nbsp;<\/p>\n\n\n\n<p>Durante el evento, las autoridades municipales participaron en el ritual para dar la bienvenida al equinoccio de primavera, en la que se cont\u00f3 con la participaci\u00f3n del Grupo Calpulli, quienes recordaron nuestras ra\u00edces con la danza prehisp\u00e1nica \u201cSembremos Semilla en la Madre Tierra\u201d.<\/p>\n\n\n\n<p>La alcaldesa dese\u00f3 que el gran equipo que conforman el pueblo m\u00e1gico se ubiquen en el punto donde la luz los llene de energ\u00eda y \u00e1nimo, para redoblar los esfuerzos en favor de la paz y un contundente \u201cNo\u201d a todo tipo de violencia.<\/p>\n\n\n\n<p>Acompa\u00f1ada de los integrantes del cuerpo edilicio, se\u00f1al\u00f3 que los servidores p\u00fablicos est\u00e1n obligados a transparentar, a cuidar y a aplicar de manera equitativa y justa los dineros en beneficio de la sociedad, y recuperar la confianza ciudadana.&nbsp;<\/p>\n\n\n\n<p>\u201cTrabajemos en lo que nos corresponde a cada quien, para hacer que en el marco del respeto al derecho ajeno hagamos desde nuestra trinchera una naci\u00f3n creciente a la altura de nuestros tiempos\u201d, concluy\u00f3.&nbsp;&nbsp;<\/p>\n\n\n\n<p>Ante autoridades auxiliares, grupos de la edad dorada y alumnos de las diferentes escuelas de la localidad, los integrantes del Ballet Folcl\u00f3rico de Tepotzotl\u00e1n y el Ballet Infantil del DIF \u201cMargarita Maza de Ju\u00e1rez\u201d realizaron el baile \u201cHasta la ra\u00edz\u201d para recordar a las v\u00edctimas de covid 19.<\/p>\n","protected":false},"excerpt":{"rendered":"<p>Tepotzotl&aacute;n, M&eacute;x.- Conmemoran el 216 Aniversario del Natalicio de Benito Ju&aacute;rez, y la bienvenida al&#8230;<\/p>\n","protected":false},"author":1,"featured_media":4859,"comment_status":"closed","ping_status":"closed","sticky":false,"template":"","format":"standard","meta":{"footnotes":""},"categories":[13],"tags":[],"class_list":["post-4858","post","type-post","status-publish","format-standard","has-post-thumbnail","hentry","category-tepotzotlan"],"_links":{"self":[{"href":"https:\/\/www.notiflashmexiquense.com.mx\/index.php?rest_route=\/wp\/v2\/posts\/4858","targetHints":{"allow":["GET"]}}],"collection":[{"href":"https:\/\/www.notiflashmexiquense.com.mx\/index.php?rest_route=\/wp\/v2\/posts"}],"about":[{"href":"https:\/\/www.notiflashmexiquense.com.mx\/index.php?rest_route=\/wp\/v2\/types\/post"}],"author":[{"embeddable":true,"href":"https:\/\/www.notiflashmexiquense.com.mx\/index.php?rest_route=\/wp\/v2\/users\/1"}],"replies":[{"embeddable":true,"href":"https:\/\/www.notiflashmexiquense.com.mx\/index.php?rest_route=%2Fwp%2Fv2%2Fcomments&post=4858"}],"version-history":[{"count":1,"href":"https:\/\/www.notiflashmexiquense.com.mx\/index.php?rest_route=\/wp\/v2\/posts\/4858\/revisions"}],"predecessor-version":[{"id":4860,"href":"https:\/\/www.notiflashmexiquense.com.mx\/index.php?rest_route=\/wp\/v2\/posts\/4858\/revisions\/4860"}],"wp:featuredmedia":[{"embeddable":true,"href":"https:\/\/www.notiflashmexiquense.com.mx\/index.php?rest_route=\/wp\/v2\/media\/4859"}],"wp:attachment":[{"href":"https:\/\/www.notiflashmexiquense.com.mx\/index.php?rest_route=%2Fwp%2Fv2%2Fmedia&parent=4858"}],"wp:term":[{"taxonomy":"category","embeddable":true,"href":"https:\/\/www.notiflashmexiquense.com.mx\/index.php?rest_route=%2Fwp%2Fv2%2Fcategories&post=4858"},{"taxonomy":"post_tag","embeddable":true,"href":"https:\/\/www.notiflashmexiquense.com.mx\/index.php?rest_route=%2Fwp%2Fv2%2Ftags&post=4858"}],"curies":[{"name":"wp","href":"https:\/\/api.w.org\/{rel}","templated":true}]}}