{"id":4613,"date":"2022-03-09T21:24:29","date_gmt":"2022-03-09T21:24:29","guid":{"rendered":"https:\/\/www.notiflashmexiquense.com.mx\/?p=4613"},"modified":"2022-03-09T21:55:29","modified_gmt":"2022-03-09T21:55:29","slug":"papalotla-e-imevis-dan-certeza-juridica-a-familias-del-municipio","status":"publish","type":"post","link":"https:\/\/www.notiflashmexiquense.com.mx\/?p=4613","title":{"rendered":"Papalotla e Imevis dan certeza jur\u00eddica a familias del municipio"},"content":{"rendered":"\n<h3 class=\"wp-block-heading\">Con el prop\u00f3sito de apoyar a la ciudadan\u00eda papalotlense, el d\u00eda de hoy se realiz\u00f3 la Firma del Convenio para la Coordinaci\u00f3n de Acciones entre este H. Ayuntamiento e IMEVIS. Esta firma permitir\u00e1 que todas aquellas personas due\u00f1as de alguna propiedad que no cuenten con el documento que los acredite como propietarios legales de la misma, lo obtengan. Este convenio servir\u00e1 para que las \u00e1reas involucradas, trabajen de forma coordinada con este \u00d3rgano P\u00fablico, en temas como Desarrollo Urbano, entre otros que beneficien a la poblaci\u00f3n.<\/h3>\n\n\n\n<p>Si requieres mayor informaci\u00f3n sobre este tema, acude a la oficina de la Sindicatura Municipal donde te brindar\u00e1n el apoyo necesario.<\/p>\n\n\n\n<h4 class=\"wp-block-heading\">poblaci\u00f3nyvivienda<\/h4>\n\n\n\n<h4 class=\"wp-block-heading\">REGULARIZATE<\/h4>\n\n\n\n<h4 class=\"wp-block-heading\">DesarrolloUrbano<\/h4>\n","protected":false},"excerpt":{"rendered":"<p>Con el prop&oacute;sito de apoyar a la ciudadan&iacute;a papalotlense, el d&iacute;a de hoy se realiz&oacute;&#8230;<\/p>\n","protected":false},"author":1,"featured_media":4618,"comment_status":"closed","ping_status":"closed","sticky":false,"template":"","format":"standard","meta":{"footnotes":""},"categories":[12],"tags":[],"class_list":["post-4613","post","type-post","status-publish","format-standard","has-post-thumbnail","hentry","category-papalotla"],"_links":{"self":[{"href":"https:\/\/www.notiflashmexiquense.com.mx\/index.php?rest_route=\/wp\/v2\/posts\/4613","targetHints":{"allow":["GET"]}}],"collection":[{"href":"https:\/\/www.notiflashmexiquense.com.mx\/index.php?rest_route=\/wp\/v2\/posts"}],"about":[{"href":"https:\/\/www.notiflashmexiquense.com.mx\/index.php?rest_route=\/wp\/v2\/types\/post"}],"author":[{"embeddable":true,"href":"https:\/\/www.notiflashmexiquense.com.mx\/index.php?rest_route=\/wp\/v2\/users\/1"}],"replies":[{"embeddable":true,"href":"https:\/\/www.notiflashmexiquense.com.mx\/index.php?rest_route=%2Fwp%2Fv2%2Fcomments&post=4613"}],"version-history":[{"count":2,"href":"https:\/\/www.notiflashmexiquense.com.mx\/index.php?rest_route=\/wp\/v2\/posts\/4613\/revisions"}],"predecessor-version":[{"id":4617,"href":"https:\/\/www.notiflashmexiquense.com.mx\/index.php?rest_route=\/wp\/v2\/posts\/4613\/revisions\/4617"}],"wp:featuredmedia":[{"embeddable":true,"href":"https:\/\/www.notiflashmexiquense.com.mx\/index.php?rest_route=\/wp\/v2\/media\/4618"}],"wp:attachment":[{"href":"https:\/\/www.notiflashmexiquense.com.mx\/index.php?rest_route=%2Fwp%2Fv2%2Fmedia&parent=4613"}],"wp:term":[{"taxonomy":"category","embeddable":true,"href":"https:\/\/www.notiflashmexiquense.com.mx\/index.php?rest_route=%2Fwp%2Fv2%2Fcategories&post=4613"},{"taxonomy":"post_tag","embeddable":true,"href":"https:\/\/www.notiflashmexiquense.com.mx\/index.php?rest_route=%2Fwp%2Fv2%2Ftags&post=4613"}],"curies":[{"name":"wp","href":"https:\/\/api.w.org\/{rel}","templated":true}]}}