{"id":4610,"date":"2022-03-09T05:52:36","date_gmt":"2022-03-09T05:52:36","guid":{"rendered":"https:\/\/www.notiflashmexiquense.com.mx\/?p=4610"},"modified":"2022-03-09T05:52:37","modified_gmt":"2022-03-09T05:52:37","slug":"conmemoran-en-tepotzotlan-el-dia-internacional-de-la-mujer","status":"publish","type":"post","link":"https:\/\/www.notiflashmexiquense.com.mx\/?p=4610","title":{"rendered":"Conmemoran en Tepotzotl\u00e1n el D\u00eda Internacional de la Mujer"},"content":{"rendered":"\n<p>Tepotzotl\u00e1n, M\u00e9x.- Al encabezar la Conmemoraci\u00f3n por el D\u00eda Internacional de la Mujer la alcaldesa afirm\u00f3 que este d\u00eda es un llamado a hacer un alto en el camino para analizar y reconocer desde todos los \u00e1ngulos el valor de las mujeres. <\/p>\n\n\n\n<p>En la explanada municipal, en donde compartieron una amena comida con trabajadoras y funcionarias del Ayuntamiento de Tepotzotl\u00e1n, personas de la tercera edad y mujeres de \u00e9ste hermoso pueblo m\u00e1gico, asimismo acompa\u00f1ada de la titular del DIF local, de las diputadas local y federal, regidoras y funcionarias del ayuntamiento<\/p>\n\n\n\n<p>En su intervenci\u00f3n, argument\u00f3 que no es sencillo vencer toda una cultura de discriminaci\u00f3n, de violencia hacia las mujeres, por lo que las llam\u00f3 a poner todo su talento para fortalecer el papel de la mujer mexicana.<\/p>\n\n\n\n<p>\u201cLas mujeres somos capaces de hacer historia, de hacer el cambio y demostrar que no s\u00f3lo por el g\u00e9nero no podemos decidir y conducir los destinos, les invito a que unamos esfuerzos y ser\u00e9 una aliada para hacer valer y respetar sus derechos\u201d, argument\u00f3.<\/p>\n\n\n\n<p>La primer titular del ejecutivo municipal anunci\u00f3 que durante esta semana se llevar\u00e1n a cabo exposiciones y talleres de empoderamiento a las mujeres; en el mes de marzo se realizar\u00e1n jornadas de salud gratuitas; y a lo largo del a\u00f1o se trabajar\u00e1 con las f\u00e9minas que se encuentran en los lugares m\u00e1s alejados de Tepotzotl\u00e1n.<\/p>\n\n\n\n<p>Inform\u00f3 que con la adquisici\u00f3n de una unidad m\u00f3vil se acudir\u00e1 a todas las comunidades con un equipo multidisciplinario, que se compone de un psic\u00f3logo, un abogado y un trabajador social para que las mujeres que sufren alg\u00fan tipo de violencia acudan y se decidan a denunciar cualquier maltrato o discriminaci\u00f3n a su persona. <\/p>\n\n\n\n<p>Finalmente, se\u00f1al\u00f3 que en estos dos meses de la administraci\u00f3n se han registrados 5 mujeres que han sido violentadas, por lo que a trav\u00e9s de estas acciones, van por la erradicaci\u00f3n total de la violencia contra ellas.<\/p>\n","protected":false},"excerpt":{"rendered":"<p>Tepotzotl&aacute;n, M&eacute;x.- Al encabezar la Conmemoraci&oacute;n por el D&iacute;a Internacional de la Mujer la alcaldesa&#8230;<\/p>\n","protected":false},"author":1,"featured_media":4611,"comment_status":"closed","ping_status":"closed","sticky":false,"template":"","format":"standard","meta":{"footnotes":""},"categories":[13],"tags":[],"class_list":["post-4610","post","type-post","status-publish","format-standard","has-post-thumbnail","hentry","category-tepotzotlan"],"_links":{"self":[{"href":"https:\/\/www.notiflashmexiquense.com.mx\/index.php?rest_route=\/wp\/v2\/posts\/4610","targetHints":{"allow":["GET"]}}],"collection":[{"href":"https:\/\/www.notiflashmexiquense.com.mx\/index.php?rest_route=\/wp\/v2\/posts"}],"about":[{"href":"https:\/\/www.notiflashmexiquense.com.mx\/index.php?rest_route=\/wp\/v2\/types\/post"}],"author":[{"embeddable":true,"href":"https:\/\/www.notiflashmexiquense.com.mx\/index.php?rest_route=\/wp\/v2\/users\/1"}],"replies":[{"embeddable":true,"href":"https:\/\/www.notiflashmexiquense.com.mx\/index.php?rest_route=%2Fwp%2Fv2%2Fcomments&post=4610"}],"version-history":[{"count":1,"href":"https:\/\/www.notiflashmexiquense.com.mx\/index.php?rest_route=\/wp\/v2\/posts\/4610\/revisions"}],"predecessor-version":[{"id":4612,"href":"https:\/\/www.notiflashmexiquense.com.mx\/index.php?rest_route=\/wp\/v2\/posts\/4610\/revisions\/4612"}],"wp:featuredmedia":[{"embeddable":true,"href":"https:\/\/www.notiflashmexiquense.com.mx\/index.php?rest_route=\/wp\/v2\/media\/4611"}],"wp:attachment":[{"href":"https:\/\/www.notiflashmexiquense.com.mx\/index.php?rest_route=%2Fwp%2Fv2%2Fmedia&parent=4610"}],"wp:term":[{"taxonomy":"category","embeddable":true,"href":"https:\/\/www.notiflashmexiquense.com.mx\/index.php?rest_route=%2Fwp%2Fv2%2Fcategories&post=4610"},{"taxonomy":"post_tag","embeddable":true,"href":"https:\/\/www.notiflashmexiquense.com.mx\/index.php?rest_route=%2Fwp%2Fv2%2Ftags&post=4610"}],"curies":[{"name":"wp","href":"https:\/\/api.w.org\/{rel}","templated":true}]}}