{"id":4526,"date":"2022-03-07T04:09:30","date_gmt":"2022-03-07T04:09:30","guid":{"rendered":"https:\/\/www.notiflashmexiquense.com.mx\/?p=4526"},"modified":"2022-03-07T04:09:31","modified_gmt":"2022-03-07T04:09:31","slug":"atencion-habitantes-de-tepotzotlan-vacunaran-a-diversos-sectores-de-la-ciudadania","status":"publish","type":"post","link":"https:\/\/www.notiflashmexiquense.com.mx\/?p=4526","title":{"rendered":"Atenci\u00f3n habitantes de Tepotzotl\u00e1n, vacunar\u00e1n a diversos sectores de la ciudadan\u00eda"},"content":{"rendered":"\n<p>Amigos y amigas recuerden que la pr\u00f3xima semana iniciar\u00e1 la jornada de vacunaci\u00f3n con la aplicaci\u00f3n de REFUERZO para adultos de 18 a 29 a\u00f1os de edad, 7 y 8 de Marzo.<\/p>\n\n\n\n<p>En tanto que el d\u00eda 9 de Marzo se iniciar\u00e1 con la primera y segunda dosis para menores nacidos en 2007 y que en 2022 cumplen 15 a\u00f1os, as\u00ed como a menores de 15 a 17 a\u00f1os de edad y mujeres embarazadas con nueve semanas de gestaci\u00f3n o m\u00e1s.<\/p>\n\n\n\n<p>\u00a1Por salud, acude a vacunarte!<\/p>\n\n\n\n<h4 class=\"wp-block-heading\">Vacunaci\u00f3nEnTepotzotl\u00e1n \ud83d\udc89<\/h4>\n","protected":false},"excerpt":{"rendered":"<p>Amigos y amigas recuerden que la pr&oacute;xima semana iniciar&aacute; la jornada de vacunaci&oacute;n con la&#8230;<\/p>\n","protected":false},"author":1,"featured_media":0,"comment_status":"closed","ping_status":"closed","sticky":false,"template":"","format":"standard","meta":{"footnotes":""},"categories":[13],"tags":[],"class_list":["post-4526","post","type-post","status-publish","format-standard","hentry","category-tepotzotlan"],"_links":{"self":[{"href":"https:\/\/www.notiflashmexiquense.com.mx\/index.php?rest_route=\/wp\/v2\/posts\/4526","targetHints":{"allow":["GET"]}}],"collection":[{"href":"https:\/\/www.notiflashmexiquense.com.mx\/index.php?rest_route=\/wp\/v2\/posts"}],"about":[{"href":"https:\/\/www.notiflashmexiquense.com.mx\/index.php?rest_route=\/wp\/v2\/types\/post"}],"author":[{"embeddable":true,"href":"https:\/\/www.notiflashmexiquense.com.mx\/index.php?rest_route=\/wp\/v2\/users\/1"}],"replies":[{"embeddable":true,"href":"https:\/\/www.notiflashmexiquense.com.mx\/index.php?rest_route=%2Fwp%2Fv2%2Fcomments&post=4526"}],"version-history":[{"count":1,"href":"https:\/\/www.notiflashmexiquense.com.mx\/index.php?rest_route=\/wp\/v2\/posts\/4526\/revisions"}],"predecessor-version":[{"id":4528,"href":"https:\/\/www.notiflashmexiquense.com.mx\/index.php?rest_route=\/wp\/v2\/posts\/4526\/revisions\/4528"}],"wp:attachment":[{"href":"https:\/\/www.notiflashmexiquense.com.mx\/index.php?rest_route=%2Fwp%2Fv2%2Fmedia&parent=4526"}],"wp:term":[{"taxonomy":"category","embeddable":true,"href":"https:\/\/www.notiflashmexiquense.com.mx\/index.php?rest_route=%2Fwp%2Fv2%2Fcategories&post=4526"},{"taxonomy":"post_tag","embeddable":true,"href":"https:\/\/www.notiflashmexiquense.com.mx\/index.php?rest_route=%2Fwp%2Fv2%2Ftags&post=4526"}],"curies":[{"name":"wp","href":"https:\/\/api.w.org\/{rel}","templated":true}]}}