{"id":3855,"date":"2022-02-04T00:27:08","date_gmt":"2022-02-04T00:27:08","guid":{"rendered":"https:\/\/www.notiflashmexiquense.com.mx\/?p=3855"},"modified":"2022-02-04T00:27:09","modified_gmt":"2022-02-04T00:27:09","slug":"apostamos-por-la-construccion-de-la-paz-region-cuautitlan-ma-de-los-angeles-zuppa","status":"publish","type":"post","link":"https:\/\/www.notiflashmexiquense.com.mx\/?p=3855","title":{"rendered":"Apostamos por la construcci\u00f3n de la paz regi\u00f3n Cuautitl\u00e1n: Ma. De los \u00c1ngeles Zuppa"},"content":{"rendered":"\n<p>Este d\u00eda Tepotzotl\u00e1n fue anfitri\u00f3n de la mesa del grupo de coordinaci\u00f3n territorial para la construcci\u00f3n de la paz regi\u00f3n Cuautitl\u00e1n.<br>Nuestra Presidenta Ma. De los Angeles Zuppa Villegas \u201cGely\u201d di\u00f3 la bienvenida y en su mensaje reconoci\u00f3 la importancia de estos trabajos para generar bienestar, seguridad y paz en la poblaci\u00f3n.<\/p>\n\n\n\n<h4 class=\"wp-block-heading\" id=\"amoryservicioportepotzotlan\">AmorYservicioPorTepotzotl\u00e1n \ud83e\udde1<\/h4>\n","protected":false},"excerpt":{"rendered":"<p>Este d&iacute;a Tepotzotl&aacute;n fue anfitri&oacute;n de la mesa del grupo de coordinaci&oacute;n territorial para la&#8230;<\/p>\n","protected":false},"author":1,"featured_media":3856,"comment_status":"closed","ping_status":"closed","sticky":false,"template":"","format":"standard","meta":{"footnotes":""},"categories":[13],"tags":[],"class_list":["post-3855","post","type-post","status-publish","format-standard","has-post-thumbnail","hentry","category-tepotzotlan"],"_links":{"self":[{"href":"https:\/\/www.notiflashmexiquense.com.mx\/index.php?rest_route=\/wp\/v2\/posts\/3855","targetHints":{"allow":["GET"]}}],"collection":[{"href":"https:\/\/www.notiflashmexiquense.com.mx\/index.php?rest_route=\/wp\/v2\/posts"}],"about":[{"href":"https:\/\/www.notiflashmexiquense.com.mx\/index.php?rest_route=\/wp\/v2\/types\/post"}],"author":[{"embeddable":true,"href":"https:\/\/www.notiflashmexiquense.com.mx\/index.php?rest_route=\/wp\/v2\/users\/1"}],"replies":[{"embeddable":true,"href":"https:\/\/www.notiflashmexiquense.com.mx\/index.php?rest_route=%2Fwp%2Fv2%2Fcomments&post=3855"}],"version-history":[{"count":1,"href":"https:\/\/www.notiflashmexiquense.com.mx\/index.php?rest_route=\/wp\/v2\/posts\/3855\/revisions"}],"predecessor-version":[{"id":3857,"href":"https:\/\/www.notiflashmexiquense.com.mx\/index.php?rest_route=\/wp\/v2\/posts\/3855\/revisions\/3857"}],"wp:featuredmedia":[{"embeddable":true,"href":"https:\/\/www.notiflashmexiquense.com.mx\/index.php?rest_route=\/wp\/v2\/media\/3856"}],"wp:attachment":[{"href":"https:\/\/www.notiflashmexiquense.com.mx\/index.php?rest_route=%2Fwp%2Fv2%2Fmedia&parent=3855"}],"wp:term":[{"taxonomy":"category","embeddable":true,"href":"https:\/\/www.notiflashmexiquense.com.mx\/index.php?rest_route=%2Fwp%2Fv2%2Fcategories&post=3855"},{"taxonomy":"post_tag","embeddable":true,"href":"https:\/\/www.notiflashmexiquense.com.mx\/index.php?rest_route=%2Fwp%2Fv2%2Ftags&post=3855"}],"curies":[{"name":"wp","href":"https:\/\/api.w.org\/{rel}","templated":true}]}}