{"id":3774,"date":"2022-01-31T09:02:21","date_gmt":"2022-01-31T09:02:21","guid":{"rendered":"https:\/\/www.notiflashmexiquense.com.mx\/?p=3774"},"modified":"2022-01-31T09:02:22","modified_gmt":"2022-01-31T09:02:22","slug":"aldo-ledezma-supervisa-el-area-de-infractores-que-no-acaten-normas-sanitarias","status":"publish","type":"post","link":"https:\/\/www.notiflashmexiquense.com.mx\/?p=3774","title":{"rendered":"Aldo Ledezma supervisa el \u00e1rea de infractores que no acaten normas sanitarias"},"content":{"rendered":"\n<p>\ud83d\ude94 El Presidente Municipal Aldo Ledezma, recorri\u00f3 las instalaciones de la Direcci\u00f3n de Seguridad P\u00fablica y Tr\u00e1nsito Municipal de Cuautitl\u00e1n, previo a la puesta en marcha de la campa\u00f1a \u201cUso de Cubrebocas Obligatorio\u201d, supervisando la rehabilitaci\u00f3n y acondicionamiento del \u00c1rea de Aseguramiento #COVID, donde los infractores contar\u00e1n con las medidas preventivas para evitar contagios, adem\u00e1s de verificar las unidades m\u00f3viles que estar\u00e1n al servicio de este programa.<\/p>\n\n\n\n<p>\ud83d\udc77\ud83c\udffb Las personas que cometan una falta ser\u00e1n acreedoras a una sanci\u00f3n de trabajo comunitario de 5 hrs. en diversas \u00e1reas, la cual podr\u00e1n conmutar con el pago correspondiente en UMA (Unidad de Medida y Actualizaci\u00f3n)<\/p>\n\n\n\n<p>\ud83d\ude37 INVITAMOS A LA CIUDADAN\u00cdA ATENDER LAS RECOMENDACIONES DE LAS AUTORIDADES DE SALUD Y DEL GOBIERNO MUNICIPAL DE CUAUTITL\u00c1N<\/p>\n\n\n\n<h4 class=\"wp-block-heading\" id=\"ciudadconhistoriaydevanguardia\">CiudadConHistoriaYDeVanguardia<\/h4>\n","protected":false},"excerpt":{"rendered":"<p>&eth;&#159;&#154;&#148; El Presidente Municipal Aldo Ledezma, recorri&oacute; las instalaciones de la Direcci&oacute;n de Seguridad P&uacute;blica&#8230;<\/p>\n","protected":false},"author":1,"featured_media":3775,"comment_status":"closed","ping_status":"closed","sticky":false,"template":"","format":"standard","meta":{"footnotes":""},"categories":[1],"tags":[],"class_list":["post-3774","post","type-post","status-publish","format-standard","has-post-thumbnail","hentry","category-noticias"],"_links":{"self":[{"href":"https:\/\/www.notiflashmexiquense.com.mx\/index.php?rest_route=\/wp\/v2\/posts\/3774","targetHints":{"allow":["GET"]}}],"collection":[{"href":"https:\/\/www.notiflashmexiquense.com.mx\/index.php?rest_route=\/wp\/v2\/posts"}],"about":[{"href":"https:\/\/www.notiflashmexiquense.com.mx\/index.php?rest_route=\/wp\/v2\/types\/post"}],"author":[{"embeddable":true,"href":"https:\/\/www.notiflashmexiquense.com.mx\/index.php?rest_route=\/wp\/v2\/users\/1"}],"replies":[{"embeddable":true,"href":"https:\/\/www.notiflashmexiquense.com.mx\/index.php?rest_route=%2Fwp%2Fv2%2Fcomments&post=3774"}],"version-history":[{"count":1,"href":"https:\/\/www.notiflashmexiquense.com.mx\/index.php?rest_route=\/wp\/v2\/posts\/3774\/revisions"}],"predecessor-version":[{"id":3776,"href":"https:\/\/www.notiflashmexiquense.com.mx\/index.php?rest_route=\/wp\/v2\/posts\/3774\/revisions\/3776"}],"wp:featuredmedia":[{"embeddable":true,"href":"https:\/\/www.notiflashmexiquense.com.mx\/index.php?rest_route=\/wp\/v2\/media\/3775"}],"wp:attachment":[{"href":"https:\/\/www.notiflashmexiquense.com.mx\/index.php?rest_route=%2Fwp%2Fv2%2Fmedia&parent=3774"}],"wp:term":[{"taxonomy":"category","embeddable":true,"href":"https:\/\/www.notiflashmexiquense.com.mx\/index.php?rest_route=%2Fwp%2Fv2%2Fcategories&post=3774"},{"taxonomy":"post_tag","embeddable":true,"href":"https:\/\/www.notiflashmexiquense.com.mx\/index.php?rest_route=%2Fwp%2Fv2%2Ftags&post=3774"}],"curies":[{"name":"wp","href":"https:\/\/api.w.org\/{rel}","templated":true}]}}