{"id":3767,"date":"2022-01-31T08:24:10","date_gmt":"2022-01-31T08:24:10","guid":{"rendered":"https:\/\/www.notiflashmexiquense.com.mx\/?p=3767"},"modified":"2022-01-31T08:24:11","modified_gmt":"2022-01-31T08:24:11","slug":"inicio-del-programa-de-limpieza-y-conservacion-de-la-presa-madin-en-atizapan","status":"publish","type":"post","link":"https:\/\/www.notiflashmexiquense.com.mx\/?p=3767","title":{"rendered":"Inicio del Programa de Limpieza y Conservaci\u00f3n de la Presa Mad\u00edn en Atizap\u00e1n"},"content":{"rendered":"\n<p>Amigas y amigos, para beneficio de las familias atizapenses, iniciamos el Programa de Limpieza y Conservaci\u00f3n de la Presa Mad\u00edn, el cual permitir\u00e1 sanear este \u00edcono de nuestro municipio y detener las descargas de agua residuales clandestinas, para hacer llegar agua de calidad a sus hogares.<\/p>\n\n\n\n<p>Agradezco la presencia de autoridades del Organismo de Cuenca Aguas del Valle de M\u00e9xico de la Conagua Comisi\u00f3n Nacional del Agua-SMNmx, de la Comisi\u00f3n del Agua del Estado de M\u00e9xico as\u00ed como de Alfredo V\u00e1zquez, Director de Sapasa Atizap\u00e1n de Zaragoza<\/p>\n\n\n\n<h4 class=\"wp-block-heading\" id=\"unidosdamosmejoresresultados\">UnidosDamosMejoresResultados<\/h4>\n\n\n\n<h4 class=\"wp-block-heading\" id=\"gobiernaconlaciudadania\">GobiernaConLaCiudadania<\/h4>\n","protected":false},"excerpt":{"rendered":"<p>Amigas y amigos, para beneficio de las familias atizapenses, iniciamos el Programa de Limpieza y&#8230;<\/p>\n","protected":false},"author":1,"featured_media":3768,"comment_status":"closed","ping_status":"closed","sticky":false,"template":"","format":"standard","meta":{"footnotes":""},"categories":[45],"tags":[],"class_list":["post-3767","post","type-post","status-publish","format-standard","has-post-thumbnail","hentry","category-atizapan-de-zaragoza"],"_links":{"self":[{"href":"https:\/\/www.notiflashmexiquense.com.mx\/index.php?rest_route=\/wp\/v2\/posts\/3767","targetHints":{"allow":["GET"]}}],"collection":[{"href":"https:\/\/www.notiflashmexiquense.com.mx\/index.php?rest_route=\/wp\/v2\/posts"}],"about":[{"href":"https:\/\/www.notiflashmexiquense.com.mx\/index.php?rest_route=\/wp\/v2\/types\/post"}],"author":[{"embeddable":true,"href":"https:\/\/www.notiflashmexiquense.com.mx\/index.php?rest_route=\/wp\/v2\/users\/1"}],"replies":[{"embeddable":true,"href":"https:\/\/www.notiflashmexiquense.com.mx\/index.php?rest_route=%2Fwp%2Fv2%2Fcomments&post=3767"}],"version-history":[{"count":1,"href":"https:\/\/www.notiflashmexiquense.com.mx\/index.php?rest_route=\/wp\/v2\/posts\/3767\/revisions"}],"predecessor-version":[{"id":3769,"href":"https:\/\/www.notiflashmexiquense.com.mx\/index.php?rest_route=\/wp\/v2\/posts\/3767\/revisions\/3769"}],"wp:featuredmedia":[{"embeddable":true,"href":"https:\/\/www.notiflashmexiquense.com.mx\/index.php?rest_route=\/wp\/v2\/media\/3768"}],"wp:attachment":[{"href":"https:\/\/www.notiflashmexiquense.com.mx\/index.php?rest_route=%2Fwp%2Fv2%2Fmedia&parent=3767"}],"wp:term":[{"taxonomy":"category","embeddable":true,"href":"https:\/\/www.notiflashmexiquense.com.mx\/index.php?rest_route=%2Fwp%2Fv2%2Fcategories&post=3767"},{"taxonomy":"post_tag","embeddable":true,"href":"https:\/\/www.notiflashmexiquense.com.mx\/index.php?rest_route=%2Fwp%2Fv2%2Ftags&post=3767"}],"curies":[{"name":"wp","href":"https:\/\/api.w.org\/{rel}","templated":true}]}}