{"id":3757,"date":"2022-01-30T06:25:21","date_gmt":"2022-01-30T06:25:21","guid":{"rendered":"https:\/\/www.notiflashmexiquense.com.mx\/?p=3757"},"modified":"2022-01-30T06:25:22","modified_gmt":"2022-01-30T06:25:22","slug":"iniciamos-la-rehabilitacion-de-las-principales-calles-y-avenidas-de-tlalnepantla-tony-rodriguez","status":"publish","type":"post","link":"https:\/\/www.notiflashmexiquense.com.mx\/?p=3757","title":{"rendered":"Iniciamos la rehabilitaci\u00f3n de las principales calles y avenidas de Tlalnepantla: Tony Rodr\u00edguez"},"content":{"rendered":"\n<p>El Alcalde Tony Rodr\u00edguez, encabez\u00f3 el inicio de obra de la repavimentaci\u00f3n con concreto asf\u00e1ltico de las calles Cascada, Escarcha y Av. de las Nubes en la colonia Ampliaci\u00f3n Vista Hermosa.<\/p>\n\n\n\n<p>Por otra parte y asimismo inici\u00f3 la repavimentaci\u00f3n con concreto hidr\u00e1ulico de Avenida del R\u00edo en el fraccionamiento Bosques de M\u00e9xico.<\/p>\n\n\n\n<p>El Gobierno de Tlalnepantla atiende la demanda de mejores vialidades.<\/p>\n\n\n\n<h4 class=\"wp-block-heading\" id=\"nuevogobiernonuevasideas\">NuevoGobiernoNuevasIdeas<\/h4>\n\n\n\n<h4 class=\"wp-block-heading\" id=\"tlalnepantladebaz2022-2024\">TlalnepantlaDeBaz2022_2024<\/h4>\n","protected":false},"excerpt":{"rendered":"<p>El Alcalde Tony Rodr&iacute;guez, encabez&oacute; el inicio de obra de la repavimentaci&oacute;n con concreto asf&aacute;ltico&#8230;<\/p>\n","protected":false},"author":1,"featured_media":3758,"comment_status":"closed","ping_status":"closed","sticky":false,"template":"","format":"standard","meta":{"footnotes":""},"categories":[45],"tags":[],"class_list":["post-3757","post","type-post","status-publish","format-standard","has-post-thumbnail","hentry","category-atizapan-de-zaragoza"],"_links":{"self":[{"href":"https:\/\/www.notiflashmexiquense.com.mx\/index.php?rest_route=\/wp\/v2\/posts\/3757","targetHints":{"allow":["GET"]}}],"collection":[{"href":"https:\/\/www.notiflashmexiquense.com.mx\/index.php?rest_route=\/wp\/v2\/posts"}],"about":[{"href":"https:\/\/www.notiflashmexiquense.com.mx\/index.php?rest_route=\/wp\/v2\/types\/post"}],"author":[{"embeddable":true,"href":"https:\/\/www.notiflashmexiquense.com.mx\/index.php?rest_route=\/wp\/v2\/users\/1"}],"replies":[{"embeddable":true,"href":"https:\/\/www.notiflashmexiquense.com.mx\/index.php?rest_route=%2Fwp%2Fv2%2Fcomments&post=3757"}],"version-history":[{"count":1,"href":"https:\/\/www.notiflashmexiquense.com.mx\/index.php?rest_route=\/wp\/v2\/posts\/3757\/revisions"}],"predecessor-version":[{"id":3759,"href":"https:\/\/www.notiflashmexiquense.com.mx\/index.php?rest_route=\/wp\/v2\/posts\/3757\/revisions\/3759"}],"wp:featuredmedia":[{"embeddable":true,"href":"https:\/\/www.notiflashmexiquense.com.mx\/index.php?rest_route=\/wp\/v2\/media\/3758"}],"wp:attachment":[{"href":"https:\/\/www.notiflashmexiquense.com.mx\/index.php?rest_route=%2Fwp%2Fv2%2Fmedia&parent=3757"}],"wp:term":[{"taxonomy":"category","embeddable":true,"href":"https:\/\/www.notiflashmexiquense.com.mx\/index.php?rest_route=%2Fwp%2Fv2%2Fcategories&post=3757"},{"taxonomy":"post_tag","embeddable":true,"href":"https:\/\/www.notiflashmexiquense.com.mx\/index.php?rest_route=%2Fwp%2Fv2%2Ftags&post=3757"}],"curies":[{"name":"wp","href":"https:\/\/api.w.org\/{rel}","templated":true}]}}