{"id":3754,"date":"2022-01-30T05:59:53","date_gmt":"2022-01-30T05:59:53","guid":{"rendered":"https:\/\/www.notiflashmexiquense.com.mx\/?p=3754"},"modified":"2022-01-30T05:59:53","modified_gmt":"2022-01-30T05:59:53","slug":"rehabilitamos-el-parque-de-los-pajaros-en-arboledas-atizapan-pedro-rodriguez","status":"publish","type":"post","link":"https:\/\/www.notiflashmexiquense.com.mx\/?p=3754","title":{"rendered":"Rehabilitamos el parque de los p\u00e1jaros en Arboledas Atizap\u00e1n: Pedro Rodr\u00edguez"},"content":{"rendered":"\n<p>Es un gusto cumplir compromisos y volver a sitios que visit\u00e9 en campa\u00f1a, como muestra de ello rehabilitamos el Parque de los P\u00e1jaros, en Las Arboledas. Los atizapenses ahora podr\u00e1n aumentar el tiempo de actividad f\u00edsica nocturna o simplemente transitar por la zona con tranquilidad.<\/p>\n\n\n\n<p>Con el Programa Recuperaci\u00f3n de Espacios P\u00fablicos en beneficio de las familias, haremos de espacios abandonados, sitios seguros. #GobiernaConLaCiudadan\u00eda<\/p>\n","protected":false},"excerpt":{"rendered":"<p>Es un gusto cumplir compromisos y volver a sitios que visit&eacute; en campa&ntilde;a, como muestra&#8230;<\/p>\n","protected":false},"author":1,"featured_media":3755,"comment_status":"closed","ping_status":"closed","sticky":false,"template":"","format":"standard","meta":{"footnotes":""},"categories":[45],"tags":[],"class_list":["post-3754","post","type-post","status-publish","format-standard","has-post-thumbnail","hentry","category-atizapan-de-zaragoza"],"_links":{"self":[{"href":"https:\/\/www.notiflashmexiquense.com.mx\/index.php?rest_route=\/wp\/v2\/posts\/3754","targetHints":{"allow":["GET"]}}],"collection":[{"href":"https:\/\/www.notiflashmexiquense.com.mx\/index.php?rest_route=\/wp\/v2\/posts"}],"about":[{"href":"https:\/\/www.notiflashmexiquense.com.mx\/index.php?rest_route=\/wp\/v2\/types\/post"}],"author":[{"embeddable":true,"href":"https:\/\/www.notiflashmexiquense.com.mx\/index.php?rest_route=\/wp\/v2\/users\/1"}],"replies":[{"embeddable":true,"href":"https:\/\/www.notiflashmexiquense.com.mx\/index.php?rest_route=%2Fwp%2Fv2%2Fcomments&post=3754"}],"version-history":[{"count":1,"href":"https:\/\/www.notiflashmexiquense.com.mx\/index.php?rest_route=\/wp\/v2\/posts\/3754\/revisions"}],"predecessor-version":[{"id":3756,"href":"https:\/\/www.notiflashmexiquense.com.mx\/index.php?rest_route=\/wp\/v2\/posts\/3754\/revisions\/3756"}],"wp:featuredmedia":[{"embeddable":true,"href":"https:\/\/www.notiflashmexiquense.com.mx\/index.php?rest_route=\/wp\/v2\/media\/3755"}],"wp:attachment":[{"href":"https:\/\/www.notiflashmexiquense.com.mx\/index.php?rest_route=%2Fwp%2Fv2%2Fmedia&parent=3754"}],"wp:term":[{"taxonomy":"category","embeddable":true,"href":"https:\/\/www.notiflashmexiquense.com.mx\/index.php?rest_route=%2Fwp%2Fv2%2Fcategories&post=3754"},{"taxonomy":"post_tag","embeddable":true,"href":"https:\/\/www.notiflashmexiquense.com.mx\/index.php?rest_route=%2Fwp%2Fv2%2Ftags&post=3754"}],"curies":[{"name":"wp","href":"https:\/\/api.w.org\/{rel}","templated":true}]}}