{"id":3751,"date":"2022-01-30T05:40:11","date_gmt":"2022-01-30T05:40:11","guid":{"rendered":"https:\/\/www.notiflashmexiquense.com.mx\/?p=3751"},"modified":"2022-01-30T05:40:11","modified_gmt":"2022-01-30T05:40:11","slug":"karla-fiesco-se-reune-con-organizaciones-de-la-sociedad-civil-organizada-en-izcalli","status":"publish","type":"post","link":"https:\/\/www.notiflashmexiquense.com.mx\/?p=3751","title":{"rendered":"Karla Fiesco se re\u00fane con organizaciones de la Sociedad Civil Organizada en Izcalli"},"content":{"rendered":"\n<p>Por medio de la Coordinaci\u00f3n de Organizaciones Sociales de la Subsecretar\u00eda de Gobierno y Concertaci\u00f3n Social, se llev\u00f3 a cabo la primera mesa de trabajo con integrantes de la Sociedad Civil Organizada, donde participaron 11 asociaciones civiles con el objetivo de crear puentes y trabajos coordinados con la ciudadan\u00eda.<\/p>\n\n\n\n<p>Con estas acciones queremos crear v\u00ednculos con todos los sectores de la poblaci\u00f3n, principalmente con la sociedad civil organizada.<\/p>\n\n\n\n<p>\u00a1Llevaremos las causas sociales de las organizaciones y asociaciones civiles a los objetivos del Plan de Desarrollo Municipal!<\/p>\n\n\n\n<h4 class=\"wp-block-heading\" id=\"somosfuturo\">SomosFuturo<\/h4>\n","protected":false},"excerpt":{"rendered":"<p>Por medio de la Coordinaci&oacute;n de Organizaciones Sociales de la Subsecretar&iacute;a de Gobierno y Concertaci&oacute;n&#8230;<\/p>\n","protected":false},"author":1,"featured_media":3752,"comment_status":"closed","ping_status":"closed","sticky":false,"template":"","format":"standard","meta":{"footnotes":""},"categories":[1],"tags":[],"class_list":["post-3751","post","type-post","status-publish","format-standard","has-post-thumbnail","hentry","category-noticias"],"_links":{"self":[{"href":"https:\/\/www.notiflashmexiquense.com.mx\/index.php?rest_route=\/wp\/v2\/posts\/3751","targetHints":{"allow":["GET"]}}],"collection":[{"href":"https:\/\/www.notiflashmexiquense.com.mx\/index.php?rest_route=\/wp\/v2\/posts"}],"about":[{"href":"https:\/\/www.notiflashmexiquense.com.mx\/index.php?rest_route=\/wp\/v2\/types\/post"}],"author":[{"embeddable":true,"href":"https:\/\/www.notiflashmexiquense.com.mx\/index.php?rest_route=\/wp\/v2\/users\/1"}],"replies":[{"embeddable":true,"href":"https:\/\/www.notiflashmexiquense.com.mx\/index.php?rest_route=%2Fwp%2Fv2%2Fcomments&post=3751"}],"version-history":[{"count":1,"href":"https:\/\/www.notiflashmexiquense.com.mx\/index.php?rest_route=\/wp\/v2\/posts\/3751\/revisions"}],"predecessor-version":[{"id":3753,"href":"https:\/\/www.notiflashmexiquense.com.mx\/index.php?rest_route=\/wp\/v2\/posts\/3751\/revisions\/3753"}],"wp:featuredmedia":[{"embeddable":true,"href":"https:\/\/www.notiflashmexiquense.com.mx\/index.php?rest_route=\/wp\/v2\/media\/3752"}],"wp:attachment":[{"href":"https:\/\/www.notiflashmexiquense.com.mx\/index.php?rest_route=%2Fwp%2Fv2%2Fmedia&parent=3751"}],"wp:term":[{"taxonomy":"category","embeddable":true,"href":"https:\/\/www.notiflashmexiquense.com.mx\/index.php?rest_route=%2Fwp%2Fv2%2Fcategories&post=3751"},{"taxonomy":"post_tag","embeddable":true,"href":"https:\/\/www.notiflashmexiquense.com.mx\/index.php?rest_route=%2Fwp%2Fv2%2Ftags&post=3751"}],"curies":[{"name":"wp","href":"https:\/\/api.w.org\/{rel}","templated":true}]}}