{"id":3596,"date":"2022-01-23T08:00:20","date_gmt":"2022-01-23T08:00:20","guid":{"rendered":"https:\/\/www.notiflashmexiquense.com.mx\/?p=3596"},"modified":"2022-01-23T08:00:21","modified_gmt":"2022-01-23T08:00:21","slug":"comienza-en-villa-del-real-en-tecamac-rehabilitacion-de-avenidas","status":"publish","type":"post","link":"https:\/\/www.notiflashmexiquense.com.mx\/?p=3596","title":{"rendered":"Comienza en Villa del Real en Tec\u00e1mac rehabilitaci\u00f3n de avenidas"},"content":{"rendered":"\n<p>Estas im\u00e1genes que les presento forman parte del paisaje urbano -desde hace dos a\u00f1os- de nuestras comunidades.<\/p>\n\n\n\n<p>Corresponden a los esfuerzos que hacemos con nuestro equipo de colaboradores y maquinaria (el drag\u00f3n) de propiedad municipal para conservar en buen estado nuestras vialidades.<\/p>\n\n\n\n<p>En esta semana comenz\u00f3 la rehabilitaci\u00f3n de las avenidas transversales en Villa del Real, desde la sexta hasta la primera secci\u00f3n.<\/p>\n\n\n\n<p>Se pagan con los recursos que ustedes me encomendaron y que hoy se administran con honradez y eficiencia, por eso les agradezco a quienes ya acudieron a pagar su predial y a quienes no lo han hecho, recordarles que tendremos descuentos y apoyos para ustedes.<\/p>\n\n\n\n<p>Muy buenas tardes vecinos!<\/p>\n\n\n\n<h4 class=\"wp-block-heading\">MejorGobierno<\/h4>\n\n\n\n<h4 class=\"wp-block-heading\">LiderazgoNacionalEnObraP\u00fablica<\/h4>\n\n\n\n<h4 class=\"wp-block-heading\">villadelreal<\/h4>\n","protected":false},"excerpt":{"rendered":"<p>Estas im&aacute;genes que les presento forman parte del paisaje urbano -desde hace dos a&ntilde;os- de&#8230;<\/p>\n","protected":false},"author":1,"featured_media":3597,"comment_status":"closed","ping_status":"closed","sticky":false,"template":"","format":"standard","meta":{"footnotes":""},"categories":[1],"tags":[],"class_list":["post-3596","post","type-post","status-publish","format-standard","has-post-thumbnail","hentry","category-noticias"],"_links":{"self":[{"href":"https:\/\/www.notiflashmexiquense.com.mx\/index.php?rest_route=\/wp\/v2\/posts\/3596","targetHints":{"allow":["GET"]}}],"collection":[{"href":"https:\/\/www.notiflashmexiquense.com.mx\/index.php?rest_route=\/wp\/v2\/posts"}],"about":[{"href":"https:\/\/www.notiflashmexiquense.com.mx\/index.php?rest_route=\/wp\/v2\/types\/post"}],"author":[{"embeddable":true,"href":"https:\/\/www.notiflashmexiquense.com.mx\/index.php?rest_route=\/wp\/v2\/users\/1"}],"replies":[{"embeddable":true,"href":"https:\/\/www.notiflashmexiquense.com.mx\/index.php?rest_route=%2Fwp%2Fv2%2Fcomments&post=3596"}],"version-history":[{"count":1,"href":"https:\/\/www.notiflashmexiquense.com.mx\/index.php?rest_route=\/wp\/v2\/posts\/3596\/revisions"}],"predecessor-version":[{"id":3598,"href":"https:\/\/www.notiflashmexiquense.com.mx\/index.php?rest_route=\/wp\/v2\/posts\/3596\/revisions\/3598"}],"wp:featuredmedia":[{"embeddable":true,"href":"https:\/\/www.notiflashmexiquense.com.mx\/index.php?rest_route=\/wp\/v2\/media\/3597"}],"wp:attachment":[{"href":"https:\/\/www.notiflashmexiquense.com.mx\/index.php?rest_route=%2Fwp%2Fv2%2Fmedia&parent=3596"}],"wp:term":[{"taxonomy":"category","embeddable":true,"href":"https:\/\/www.notiflashmexiquense.com.mx\/index.php?rest_route=%2Fwp%2Fv2%2Fcategories&post=3596"},{"taxonomy":"post_tag","embeddable":true,"href":"https:\/\/www.notiflashmexiquense.com.mx\/index.php?rest_route=%2Fwp%2Fv2%2Ftags&post=3596"}],"curies":[{"name":"wp","href":"https:\/\/api.w.org\/{rel}","templated":true}]}}