{"id":3555,"date":"2022-01-21T05:11:15","date_gmt":"2022-01-21T05:11:15","guid":{"rendered":"https:\/\/www.notiflashmexiquense.com.mx\/?p=3555"},"modified":"2022-01-21T05:11:15","modified_gmt":"2022-01-21T05:11:15","slug":"rodrigo-ruiz-asiste-a-reunion-para-planear-estrategias-de-seguridad-para-los-papalotlenses","status":"publish","type":"post","link":"https:\/\/www.notiflashmexiquense.com.mx\/?p=3555","title":{"rendered":"Rodrigo Ru\u00edz asiste a reuni\u00f3n para planear estrategias de seguridad para los papalotlenses"},"content":{"rendered":"\n<p>Particip\u00e9 este d\u00eda en una reuni\u00f3n de #Seguridad junto a diversas autoridades del servicio p\u00fablico, al interior de las instalaciones del Campo Militar No.37A, en San Juan Teotihuac\u00e1n.<\/p>\n\n\n\n<p>En este nuevo periodo de administraci\u00f3n, continuamos trabajando de manera coordinada, para desarrollar e implementar estrategias \u00f3ptimas que sirvan para preservar el bienestar y seguridad de la ciudadan\u00eda.<\/p>\n\n\n\n<h4 class=\"wp-block-heading\">TrabajoCoordinado<\/h4>\n\n\n\n<h4 class=\"wp-block-heading\">PapalotlaIdentidadQueEnorgullece<\/h4>\n\n\n\n<h4 class=\"wp-block-heading\">PapalotlaSeCuida<\/h4>\n","protected":false},"excerpt":{"rendered":"<p>Particip&eacute; este d&iacute;a en una reuni&oacute;n de #Seguridad junto a diversas autoridades del servicio p&uacute;blico,&#8230;<\/p>\n","protected":false},"author":1,"featured_media":3556,"comment_status":"closed","ping_status":"closed","sticky":false,"template":"","format":"standard","meta":{"footnotes":""},"categories":[12],"tags":[],"class_list":["post-3555","post","type-post","status-publish","format-standard","has-post-thumbnail","hentry","category-papalotla"],"_links":{"self":[{"href":"https:\/\/www.notiflashmexiquense.com.mx\/index.php?rest_route=\/wp\/v2\/posts\/3555","targetHints":{"allow":["GET"]}}],"collection":[{"href":"https:\/\/www.notiflashmexiquense.com.mx\/index.php?rest_route=\/wp\/v2\/posts"}],"about":[{"href":"https:\/\/www.notiflashmexiquense.com.mx\/index.php?rest_route=\/wp\/v2\/types\/post"}],"author":[{"embeddable":true,"href":"https:\/\/www.notiflashmexiquense.com.mx\/index.php?rest_route=\/wp\/v2\/users\/1"}],"replies":[{"embeddable":true,"href":"https:\/\/www.notiflashmexiquense.com.mx\/index.php?rest_route=%2Fwp%2Fv2%2Fcomments&post=3555"}],"version-history":[{"count":1,"href":"https:\/\/www.notiflashmexiquense.com.mx\/index.php?rest_route=\/wp\/v2\/posts\/3555\/revisions"}],"predecessor-version":[{"id":3557,"href":"https:\/\/www.notiflashmexiquense.com.mx\/index.php?rest_route=\/wp\/v2\/posts\/3555\/revisions\/3557"}],"wp:featuredmedia":[{"embeddable":true,"href":"https:\/\/www.notiflashmexiquense.com.mx\/index.php?rest_route=\/wp\/v2\/media\/3556"}],"wp:attachment":[{"href":"https:\/\/www.notiflashmexiquense.com.mx\/index.php?rest_route=%2Fwp%2Fv2%2Fmedia&parent=3555"}],"wp:term":[{"taxonomy":"category","embeddable":true,"href":"https:\/\/www.notiflashmexiquense.com.mx\/index.php?rest_route=%2Fwp%2Fv2%2Fcategories&post=3555"},{"taxonomy":"post_tag","embeddable":true,"href":"https:\/\/www.notiflashmexiquense.com.mx\/index.php?rest_route=%2Fwp%2Fv2%2Ftags&post=3555"}],"curies":[{"name":"wp","href":"https:\/\/api.w.org\/{rel}","templated":true}]}}