{"id":3551,"date":"2022-01-20T05:03:50","date_gmt":"2022-01-20T05:03:50","guid":{"rendered":"https:\/\/www.notiflashmexiquense.com.mx\/?p=3551"},"modified":"2022-01-20T05:03:51","modified_gmt":"2022-01-20T05:03:51","slug":"karla-fiesco-acerca-a-la-ciudadania-con-policia-de-izcalli-para-dar-a-conocer-proyectos-de-seguridad","status":"publish","type":"post","link":"https:\/\/www.notiflashmexiquense.com.mx\/?p=3551","title":{"rendered":"Karla Fiesco acerca a la ciudadan\u00eda con Polic\u00eda de Izcalli, para dar a conocer proyectos de seguridad"},"content":{"rendered":"\n<p>Buena noche, amigas y amigos izcallenses.<\/p>\n\n\n\n<p>Con la finalidad de informar a los vecinos de qu\u00e9 hacer en caso de situaciones como delincuencia, acoso, violencia, entre otros temas, se llev\u00f3 a cabo una reuni\u00f3n en \u00abParque Central Tepalcapa\u00bb, donde estuvieron presentes compa\u00f1eras y compa\u00f1eros de la Comisar\u00eda de Seguridad P\u00fablica y Tr\u00e1nsito, DIF, IMEGDEM, la Defensor\u00eda de Derechos Humanos, COPACI y vecinos de la zona.<\/p>\n\n\n\n<p>Nuestra misi\u00f3n es cuidar del bienestar de todas y todos, trabajemos en conjunto para tener un #IzcalliSeguro.<\/p>\n\n\n\n<h4 class=\"wp-block-heading\">SomosFuturo<\/h4>\n","protected":false},"excerpt":{"rendered":"<p>Buena noche, amigas y amigos izcallenses. Con la finalidad de informar a los vecinos de&#8230;<\/p>\n","protected":false},"author":1,"featured_media":3553,"comment_status":"closed","ping_status":"closed","sticky":false,"template":"","format":"standard","meta":{"footnotes":""},"categories":[1],"tags":[],"class_list":["post-3551","post","type-post","status-publish","format-standard","has-post-thumbnail","hentry","category-noticias"],"_links":{"self":[{"href":"https:\/\/www.notiflashmexiquense.com.mx\/index.php?rest_route=\/wp\/v2\/posts\/3551","targetHints":{"allow":["GET"]}}],"collection":[{"href":"https:\/\/www.notiflashmexiquense.com.mx\/index.php?rest_route=\/wp\/v2\/posts"}],"about":[{"href":"https:\/\/www.notiflashmexiquense.com.mx\/index.php?rest_route=\/wp\/v2\/types\/post"}],"author":[{"embeddable":true,"href":"https:\/\/www.notiflashmexiquense.com.mx\/index.php?rest_route=\/wp\/v2\/users\/1"}],"replies":[{"embeddable":true,"href":"https:\/\/www.notiflashmexiquense.com.mx\/index.php?rest_route=%2Fwp%2Fv2%2Fcomments&post=3551"}],"version-history":[{"count":1,"href":"https:\/\/www.notiflashmexiquense.com.mx\/index.php?rest_route=\/wp\/v2\/posts\/3551\/revisions"}],"predecessor-version":[{"id":3554,"href":"https:\/\/www.notiflashmexiquense.com.mx\/index.php?rest_route=\/wp\/v2\/posts\/3551\/revisions\/3554"}],"wp:featuredmedia":[{"embeddable":true,"href":"https:\/\/www.notiflashmexiquense.com.mx\/index.php?rest_route=\/wp\/v2\/media\/3553"}],"wp:attachment":[{"href":"https:\/\/www.notiflashmexiquense.com.mx\/index.php?rest_route=%2Fwp%2Fv2%2Fmedia&parent=3551"}],"wp:term":[{"taxonomy":"category","embeddable":true,"href":"https:\/\/www.notiflashmexiquense.com.mx\/index.php?rest_route=%2Fwp%2Fv2%2Fcategories&post=3551"},{"taxonomy":"post_tag","embeddable":true,"href":"https:\/\/www.notiflashmexiquense.com.mx\/index.php?rest_route=%2Fwp%2Fv2%2Ftags&post=3551"}],"curies":[{"name":"wp","href":"https:\/\/api.w.org\/{rel}","templated":true}]}}