{"id":3525,"date":"2022-01-18T05:34:12","date_gmt":"2022-01-18T05:34:12","guid":{"rendered":"https:\/\/www.notiflashmexiquense.com.mx\/?p=3525"},"modified":"2022-01-18T05:34:13","modified_gmt":"2022-01-18T05:34:13","slug":"karla-fiesco-presente-en-sesion-del-comite-de-transparencia-2022-2024-de-operagua","status":"publish","type":"post","link":"https:\/\/www.notiflashmexiquense.com.mx\/?p=3525","title":{"rendered":"Karla Fiesco presente en sesi\u00f3n del Comit\u00e9 de Transparencia 2022-2024 de OPERAGUA"},"content":{"rendered":"\n<p>Izcalli, te quiero compartir que esta tarde estuve presente en la sesi\u00f3n del Comit\u00e9 de Transparencia 2022-2024 de OPERAGUA, donde se aprob\u00f3 el nombramiento de los servidores p\u00fablicos habilitados para el Ejercicio 2022, quienes se encargar\u00e1n de garantizar el acceso de la ciudadan\u00eda a la informaci\u00f3n p\u00fablica y dar transparencia a los recursos.<\/p>\n\n\n\n<p>Seguimos trabajando en materia de rendici\u00f3n de cuentas, estamos consientes que como servidores p\u00fablicos debemos entregar \u00f3ptimos resultados.<\/p>\n\n\n\n<p>Al igual que mis vecinas y vecinos izcallenses, quiero ver un Izcalli pr\u00f3spero y en crecimiento.<\/p>\n\n\n\n<h4 class=\"wp-block-heading\">SomosFuturo<\/h4>\n","protected":false},"excerpt":{"rendered":"<p>Izcalli, te quiero compartir que esta tarde estuve presente en la sesi&oacute;n del Comit&eacute; de&#8230;<\/p>\n","protected":false},"author":1,"featured_media":3526,"comment_status":"closed","ping_status":"closed","sticky":false,"template":"","format":"standard","meta":{"footnotes":""},"categories":[1],"tags":[],"class_list":["post-3525","post","type-post","status-publish","format-standard","has-post-thumbnail","hentry","category-noticias"],"_links":{"self":[{"href":"https:\/\/www.notiflashmexiquense.com.mx\/index.php?rest_route=\/wp\/v2\/posts\/3525","targetHints":{"allow":["GET"]}}],"collection":[{"href":"https:\/\/www.notiflashmexiquense.com.mx\/index.php?rest_route=\/wp\/v2\/posts"}],"about":[{"href":"https:\/\/www.notiflashmexiquense.com.mx\/index.php?rest_route=\/wp\/v2\/types\/post"}],"author":[{"embeddable":true,"href":"https:\/\/www.notiflashmexiquense.com.mx\/index.php?rest_route=\/wp\/v2\/users\/1"}],"replies":[{"embeddable":true,"href":"https:\/\/www.notiflashmexiquense.com.mx\/index.php?rest_route=%2Fwp%2Fv2%2Fcomments&post=3525"}],"version-history":[{"count":1,"href":"https:\/\/www.notiflashmexiquense.com.mx\/index.php?rest_route=\/wp\/v2\/posts\/3525\/revisions"}],"predecessor-version":[{"id":3527,"href":"https:\/\/www.notiflashmexiquense.com.mx\/index.php?rest_route=\/wp\/v2\/posts\/3525\/revisions\/3527"}],"wp:featuredmedia":[{"embeddable":true,"href":"https:\/\/www.notiflashmexiquense.com.mx\/index.php?rest_route=\/wp\/v2\/media\/3526"}],"wp:attachment":[{"href":"https:\/\/www.notiflashmexiquense.com.mx\/index.php?rest_route=%2Fwp%2Fv2%2Fmedia&parent=3525"}],"wp:term":[{"taxonomy":"category","embeddable":true,"href":"https:\/\/www.notiflashmexiquense.com.mx\/index.php?rest_route=%2Fwp%2Fv2%2Fcategories&post=3525"},{"taxonomy":"post_tag","embeddable":true,"href":"https:\/\/www.notiflashmexiquense.com.mx\/index.php?rest_route=%2Fwp%2Fv2%2Ftags&post=3525"}],"curies":[{"name":"wp","href":"https:\/\/api.w.org\/{rel}","templated":true}]}}