{"id":3494,"date":"2022-01-14T05:51:06","date_gmt":"2022-01-14T05:51:06","guid":{"rendered":"https:\/\/www.notiflashmexiquense.com.mx\/?p=3494"},"modified":"2022-01-14T05:51:07","modified_gmt":"2022-01-14T05:51:07","slug":"nombran-las-diferentes-direcciones-y-coordinaciones-del-municipio-en-tezoyuca","status":"publish","type":"post","link":"https:\/\/www.notiflashmexiquense.com.mx\/?p=3494","title":{"rendered":"Nombran las diferentes direcciones y coordinaciones del municipio en Tezoyuca"},"content":{"rendered":"\n<p>Durante la primera sesi\u00f3n solemne de Cabildo, el C.P. Edgar Uriel Morales \u00c1vila, Presidente Municipal de Tezoyuca, tom\u00f3 protesta a las personas que estar\u00e1n al frente de las diferentes direcciones y coordinaciones del municipio<\/p>\n\n\n\n<p>El Lic. Jos\u00e9 Antonio Ramos Cruz, tom\u00f3 protesta como Secretario del Ayuntamiento.<\/p>\n\n\n\n<p>A continuaci\u00f3n damos a conocer los nombres de las personas al frente de las diferentes direcciones y coordinaciones del municipio:<\/p>\n\n\n\n<p>\u2043 C.P. Victoria Miranda Y\u00e1\u00f1ez, Tesoreria.<br>\u2043 C. Carlos Miguel Villa Ruiz, Director de Cultura.<br>\u2043 C.P. Abraham Vargas Gayosso, Director de Desarroll\u00f3 Econ\u00f3mico.<br>\u2043 Tec. Q. B. Jes\u00fas Iv\u00e1n Manrrique Gayosso, Director de Desarrollo Social.<br>\u2043 Ing. Flor Mar\u00eda Espejel S\u00e1nchez, Directora de Desarrollo Urbano.<br>\u2043 Ing. Arturo L\u00f3pez Maldonado, Director de Obras P\u00fablicas.<br>\u2043 Lic. Ernesto C\u00e1ndido Lugo Ramos, Director de Catastro.<br>\u2043 L. A. E. Jes\u00fas L\u00f3pez Ibarra, Director de Fomento Industrial.<br>\u2043 C. Horacio Hern\u00e1ndez S\u00e1nchez, Director de Fomento Comercial.<br>\u2043 C. D. Asunci\u00f3n H\u00e9ctor Rodr\u00edguez Seguin, Director de Salud, Protecci\u00f3n Civil y Bomberos.<br>\u2043 Tec. O. Efr\u00e9n Vargas Curiel, Director de IMCUFIDET.<\/p>\n\n\n\n<ul class=\"wp-block-list\"><li>Lic. Mar\u00eda Concepci\u00f3n Cruz Villafa\u00f1a, Coordinadora Transparencia.<\/li><li>Lic. Edgar L\u00f3pez Rivera, Coordinador Gobierno.<\/li><li>Lic. Jos\u00e9 Luis Meraz S\u00e1nchez, Coordinador Jur\u00eddico.<\/li><li>C. Francisco P\u00e9rez C\u00e1mara, Coordinador de Transporte y Vialidad.<\/li><li>Ing. Fabiola Alidafne Reyes Huertado, Coordinadora de Ecolog\u00eda y Turismo.<\/li><li>C.P. Jos\u00e9 Guadalupe Contla Linares, Coordinador de Planeaci\u00f3n.<\/li><li>C. Erik Al\u00ed Garc\u00eda Flores, Coordinador de Educaci\u00f3n.<\/li><li>C. Haydee Ferrer Mart\u00ednez, Coordinadora del Instituto de la Mujer.<\/li><li>C. P. Erick Ariel Pe\u00f1a Flores, Coordinador del Instituto de la Juventud.<\/li><\/ul>\n\n\n\n<p>Tambi\u00e9n se tom\u00f3 protesta a la presidenta honoraria municipal del DIF, la Cirujana Dentista, Flor Orlanda Delgado Del Valle.<\/p>\n\n\n\n<h4 class=\"wp-block-heading\">EdgarMorales #TomaDeProtesta #Directores #Coordinadores #Cabildo #Sesi\u00f3n #Tezoyuca #AccionesQueCambianVidas<\/h4>\n","protected":false},"excerpt":{"rendered":"<p>Durante la primera sesi&oacute;n solemne de Cabildo, el C.P. Edgar Uriel Morales &Aacute;vila, Presidente Municipal&#8230;<\/p>\n","protected":false},"author":1,"featured_media":3495,"comment_status":"closed","ping_status":"closed","sticky":false,"template":"","format":"standard","meta":{"footnotes":""},"categories":[1],"tags":[],"class_list":["post-3494","post","type-post","status-publish","format-standard","has-post-thumbnail","hentry","category-noticias"],"_links":{"self":[{"href":"https:\/\/www.notiflashmexiquense.com.mx\/index.php?rest_route=\/wp\/v2\/posts\/3494","targetHints":{"allow":["GET"]}}],"collection":[{"href":"https:\/\/www.notiflashmexiquense.com.mx\/index.php?rest_route=\/wp\/v2\/posts"}],"about":[{"href":"https:\/\/www.notiflashmexiquense.com.mx\/index.php?rest_route=\/wp\/v2\/types\/post"}],"author":[{"embeddable":true,"href":"https:\/\/www.notiflashmexiquense.com.mx\/index.php?rest_route=\/wp\/v2\/users\/1"}],"replies":[{"embeddable":true,"href":"https:\/\/www.notiflashmexiquense.com.mx\/index.php?rest_route=%2Fwp%2Fv2%2Fcomments&post=3494"}],"version-history":[{"count":1,"href":"https:\/\/www.notiflashmexiquense.com.mx\/index.php?rest_route=\/wp\/v2\/posts\/3494\/revisions"}],"predecessor-version":[{"id":3496,"href":"https:\/\/www.notiflashmexiquense.com.mx\/index.php?rest_route=\/wp\/v2\/posts\/3494\/revisions\/3496"}],"wp:featuredmedia":[{"embeddable":true,"href":"https:\/\/www.notiflashmexiquense.com.mx\/index.php?rest_route=\/wp\/v2\/media\/3495"}],"wp:attachment":[{"href":"https:\/\/www.notiflashmexiquense.com.mx\/index.php?rest_route=%2Fwp%2Fv2%2Fmedia&parent=3494"}],"wp:term":[{"taxonomy":"category","embeddable":true,"href":"https:\/\/www.notiflashmexiquense.com.mx\/index.php?rest_route=%2Fwp%2Fv2%2Fcategories&post=3494"},{"taxonomy":"post_tag","embeddable":true,"href":"https:\/\/www.notiflashmexiquense.com.mx\/index.php?rest_route=%2Fwp%2Fv2%2Ftags&post=3494"}],"curies":[{"name":"wp","href":"https:\/\/api.w.org\/{rel}","templated":true}]}}