{"id":3491,"date":"2022-01-14T05:29:20","date_gmt":"2022-01-14T05:29:20","guid":{"rendered":"https:\/\/www.notiflashmexiquense.com.mx\/?p=3491"},"modified":"2022-01-14T05:29:21","modified_gmt":"2022-01-14T05:29:21","slug":"realizan-primera-sesion-extraordinaria-del-consejo-directivo-de-operagua-en-izcalli","status":"publish","type":"post","link":"https:\/\/www.notiflashmexiquense.com.mx\/?p=3491","title":{"rendered":"Realizan primera sesi\u00f3n extraordinaria del Consejo Directivo de Operagua en Izcalli"},"content":{"rendered":"\n<p>Me complace compartirles que hoy realizamos la primera sesi\u00f3n extraordinaria del Consejo Directivo de Operagua Izcalli correspondiente al Ejercicio Fiscal 2022, del cual soy Presidenta y trabajar\u00e9 de la mano de Mauricio Juan Ram\u00edrez Rosaldo, Director General del organismo y Secretario T\u00e9cnico del consejo, as\u00ed como del Primer s\u00edndico, Arturo Javier del Moral Castro, Comisario del mismo.<\/p>\n\n\n\n<h4 class=\"wp-block-heading\">SomosFuturo<\/h4>\n","protected":false},"excerpt":{"rendered":"<p>Me complace compartirles que hoy realizamos la primera sesi&oacute;n extraordinaria del Consejo Directivo de Operagua&#8230;<\/p>\n","protected":false},"author":1,"featured_media":3492,"comment_status":"closed","ping_status":"closed","sticky":false,"template":"","format":"standard","meta":{"footnotes":""},"categories":[1],"tags":[],"class_list":["post-3491","post","type-post","status-publish","format-standard","has-post-thumbnail","hentry","category-noticias"],"_links":{"self":[{"href":"https:\/\/www.notiflashmexiquense.com.mx\/index.php?rest_route=\/wp\/v2\/posts\/3491","targetHints":{"allow":["GET"]}}],"collection":[{"href":"https:\/\/www.notiflashmexiquense.com.mx\/index.php?rest_route=\/wp\/v2\/posts"}],"about":[{"href":"https:\/\/www.notiflashmexiquense.com.mx\/index.php?rest_route=\/wp\/v2\/types\/post"}],"author":[{"embeddable":true,"href":"https:\/\/www.notiflashmexiquense.com.mx\/index.php?rest_route=\/wp\/v2\/users\/1"}],"replies":[{"embeddable":true,"href":"https:\/\/www.notiflashmexiquense.com.mx\/index.php?rest_route=%2Fwp%2Fv2%2Fcomments&post=3491"}],"version-history":[{"count":1,"href":"https:\/\/www.notiflashmexiquense.com.mx\/index.php?rest_route=\/wp\/v2\/posts\/3491\/revisions"}],"predecessor-version":[{"id":3493,"href":"https:\/\/www.notiflashmexiquense.com.mx\/index.php?rest_route=\/wp\/v2\/posts\/3491\/revisions\/3493"}],"wp:featuredmedia":[{"embeddable":true,"href":"https:\/\/www.notiflashmexiquense.com.mx\/index.php?rest_route=\/wp\/v2\/media\/3492"}],"wp:attachment":[{"href":"https:\/\/www.notiflashmexiquense.com.mx\/index.php?rest_route=%2Fwp%2Fv2%2Fmedia&parent=3491"}],"wp:term":[{"taxonomy":"category","embeddable":true,"href":"https:\/\/www.notiflashmexiquense.com.mx\/index.php?rest_route=%2Fwp%2Fv2%2Fcategories&post=3491"},{"taxonomy":"post_tag","embeddable":true,"href":"https:\/\/www.notiflashmexiquense.com.mx\/index.php?rest_route=%2Fwp%2Fv2%2Ftags&post=3491"}],"curies":[{"name":"wp","href":"https:\/\/api.w.org\/{rel}","templated":true}]}}