{"id":3466,"date":"2022-01-12T08:43:57","date_gmt":"2022-01-12T08:43:57","guid":{"rendered":"https:\/\/www.notiflashmexiquense.com.mx\/?p=3466"},"modified":"2022-01-12T08:43:57","modified_gmt":"2022-01-12T08:43:57","slug":"victoria-viquez-explica-a-vecinos-de-los-fraccionamientos-alamos-1-y-2-el-estudio-del-pozo","status":"publish","type":"post","link":"https:\/\/www.notiflashmexiquense.com.mx\/?p=3466","title":{"rendered":"Victoria V\u00edquez explica a vecinos de los fraccionamientos \u00c1lamos 1 y 2, el estudio del pozo"},"content":{"rendered":"\n<p>El D\u00eda de hoy me reun\u00ed con los vecinos de los Fraccionamientos \u00c1lamos 1 y 2 para explicarles como va el estudio que se est\u00e1 realizando a su pozo, informarles como se organiz\u00f3 el reparto de agua en pipas y responder preguntas de los ciudadanos, asistieron tambi\u00e9n la Directora del Jur\u00eddico y la Titular de la Jefatura de Desarrollo Urbano para explicarles su situaci\u00f3n legal del fraccionamiento, dando una fecha tentativa para el resultado del estudio y tomar las medidas correspondientes.<\/p>\n\n\n\n<p>Honestidad\u2022Seguridad\u2022Modernidad<\/p>\n\n\n\n<h4 class=\"wp-block-heading\">MelchorOcampo<\/h4>\n\n\n\n<h4 class=\"wp-block-heading\">VictoriaV\u00edquezVega<\/h4>\n","protected":false},"excerpt":{"rendered":"<p>El D&iacute;a de hoy me reun&iacute; con los vecinos de los Fraccionamientos &Aacute;lamos 1 y&#8230;<\/p>\n","protected":false},"author":1,"featured_media":3467,"comment_status":"closed","ping_status":"closed","sticky":false,"template":"","format":"standard","meta":{"footnotes":""},"categories":[36],"tags":[],"class_list":["post-3466","post","type-post","status-publish","format-standard","has-post-thumbnail","hentry","category-melchor-ocampo"],"_links":{"self":[{"href":"https:\/\/www.notiflashmexiquense.com.mx\/index.php?rest_route=\/wp\/v2\/posts\/3466","targetHints":{"allow":["GET"]}}],"collection":[{"href":"https:\/\/www.notiflashmexiquense.com.mx\/index.php?rest_route=\/wp\/v2\/posts"}],"about":[{"href":"https:\/\/www.notiflashmexiquense.com.mx\/index.php?rest_route=\/wp\/v2\/types\/post"}],"author":[{"embeddable":true,"href":"https:\/\/www.notiflashmexiquense.com.mx\/index.php?rest_route=\/wp\/v2\/users\/1"}],"replies":[{"embeddable":true,"href":"https:\/\/www.notiflashmexiquense.com.mx\/index.php?rest_route=%2Fwp%2Fv2%2Fcomments&post=3466"}],"version-history":[{"count":1,"href":"https:\/\/www.notiflashmexiquense.com.mx\/index.php?rest_route=\/wp\/v2\/posts\/3466\/revisions"}],"predecessor-version":[{"id":3468,"href":"https:\/\/www.notiflashmexiquense.com.mx\/index.php?rest_route=\/wp\/v2\/posts\/3466\/revisions\/3468"}],"wp:featuredmedia":[{"embeddable":true,"href":"https:\/\/www.notiflashmexiquense.com.mx\/index.php?rest_route=\/wp\/v2\/media\/3467"}],"wp:attachment":[{"href":"https:\/\/www.notiflashmexiquense.com.mx\/index.php?rest_route=%2Fwp%2Fv2%2Fmedia&parent=3466"}],"wp:term":[{"taxonomy":"category","embeddable":true,"href":"https:\/\/www.notiflashmexiquense.com.mx\/index.php?rest_route=%2Fwp%2Fv2%2Fcategories&post=3466"},{"taxonomy":"post_tag","embeddable":true,"href":"https:\/\/www.notiflashmexiquense.com.mx\/index.php?rest_route=%2Fwp%2Fv2%2Ftags&post=3466"}],"curies":[{"name":"wp","href":"https:\/\/api.w.org\/{rel}","templated":true}]}}