{"id":3454,"date":"2022-01-12T05:59:30","date_gmt":"2022-01-12T05:59:30","guid":{"rendered":"https:\/\/www.notiflashmexiquense.com.mx\/?p=3454"},"modified":"2022-01-12T05:59:31","modified_gmt":"2022-01-12T05:59:31","slug":"pedro-rodriguez-se-reunio-con-delegada-de-imevis-en-atizapan","status":"publish","type":"post","link":"https:\/\/www.notiflashmexiquense.com.mx\/?p=3454","title":{"rendered":"Pedro Rodr\u00edguez se reuni\u00f3 con Delegada de IMEVIS en Atizap\u00e1n"},"content":{"rendered":"\n<p>Me reun\u00ed con la delegada Nora Elisa Abundez Ur\u00edas, del Instituto Mexiquense de la Vivienda Social, y acordamos la coordinaci\u00f3n entre gobiernos Estatal y Municipal para apoyar en la obtenci\u00f3n de t\u00edtulos de propiedad y dar certeza jur\u00eddica sobre el patrimonio de las familias atizapenses.<\/p>\n","protected":false},"excerpt":{"rendered":"<p>Me reun&iacute; con la delegada Nora Elisa Abundez Ur&iacute;as, del Instituto Mexiquense de la Vivienda&#8230;<\/p>\n","protected":false},"author":1,"featured_media":3455,"comment_status":"closed","ping_status":"closed","sticky":false,"template":"","format":"standard","meta":{"footnotes":""},"categories":[45],"tags":[],"class_list":["post-3454","post","type-post","status-publish","format-standard","has-post-thumbnail","hentry","category-atizapan-de-zaragoza"],"_links":{"self":[{"href":"https:\/\/www.notiflashmexiquense.com.mx\/index.php?rest_route=\/wp\/v2\/posts\/3454","targetHints":{"allow":["GET"]}}],"collection":[{"href":"https:\/\/www.notiflashmexiquense.com.mx\/index.php?rest_route=\/wp\/v2\/posts"}],"about":[{"href":"https:\/\/www.notiflashmexiquense.com.mx\/index.php?rest_route=\/wp\/v2\/types\/post"}],"author":[{"embeddable":true,"href":"https:\/\/www.notiflashmexiquense.com.mx\/index.php?rest_route=\/wp\/v2\/users\/1"}],"replies":[{"embeddable":true,"href":"https:\/\/www.notiflashmexiquense.com.mx\/index.php?rest_route=%2Fwp%2Fv2%2Fcomments&post=3454"}],"version-history":[{"count":1,"href":"https:\/\/www.notiflashmexiquense.com.mx\/index.php?rest_route=\/wp\/v2\/posts\/3454\/revisions"}],"predecessor-version":[{"id":3456,"href":"https:\/\/www.notiflashmexiquense.com.mx\/index.php?rest_route=\/wp\/v2\/posts\/3454\/revisions\/3456"}],"wp:featuredmedia":[{"embeddable":true,"href":"https:\/\/www.notiflashmexiquense.com.mx\/index.php?rest_route=\/wp\/v2\/media\/3455"}],"wp:attachment":[{"href":"https:\/\/www.notiflashmexiquense.com.mx\/index.php?rest_route=%2Fwp%2Fv2%2Fmedia&parent=3454"}],"wp:term":[{"taxonomy":"category","embeddable":true,"href":"https:\/\/www.notiflashmexiquense.com.mx\/index.php?rest_route=%2Fwp%2Fv2%2Fcategories&post=3454"},{"taxonomy":"post_tag","embeddable":true,"href":"https:\/\/www.notiflashmexiquense.com.mx\/index.php?rest_route=%2Fwp%2Fv2%2Ftags&post=3454"}],"curies":[{"name":"wp","href":"https:\/\/api.w.org\/{rel}","templated":true}]}}