{"id":3416,"date":"2022-01-06T02:33:06","date_gmt":"2022-01-06T02:33:06","guid":{"rendered":"https:\/\/www.notiflashmexiquense.com.mx\/?p=3416"},"modified":"2022-01-06T02:33:07","modified_gmt":"2022-01-06T02:33:07","slug":"tony-rodriguez-realiza-recorrido-de-trabajo-en-carcamos-y-sistemas-de-drenaje-en-tlalnepantla","status":"publish","type":"post","link":"https:\/\/www.notiflashmexiquense.com.mx\/?p=3416","title":{"rendered":"Tony Rodr\u00edguez realiza recorrido de trabajo en c\u00e1rcamos y sistemas de drenaje en Tlalnepantla"},"content":{"rendered":"\n<p>En compa\u00f1\u00eda de integrantes del Cuerpo Edilicio, visit\u00e9 el C\u00e1rcamo Guerrero, as\u00ed como el sistema de drenaje semiprofundo San Javier y la planta de tratamiento de agua No.1 para supervisar su correcto funcionamiento y as\u00ed reforzar acciones ante la pr\u00f3xima temporada de lluvias. Tambi\u00e9n conocimos a detalle el proyecto del Parque de los P\u00e1jaros, para evitar inundaciones en la zona. Con Nuevas Ideas, nuestro gobierno reitera el compromiso de generar mejores condiciones de vida.<\/p>\n\n\n\n<h4 class=\"wp-block-heading\">NuevoGobiernoNuevasIdeas<\/h4>\n\n\n\n<h4 class=\"wp-block-heading\">TlalnepantlaDeBaz2022_2024<\/h4>\n","protected":false},"excerpt":{"rendered":"<p>En compa&ntilde;&iacute;a de integrantes del Cuerpo Edilicio, visit&eacute; el C&aacute;rcamo Guerrero, as&iacute; como el sistema&#8230;<\/p>\n","protected":false},"author":1,"featured_media":3417,"comment_status":"closed","ping_status":"closed","sticky":false,"template":"","format":"standard","meta":{"footnotes":""},"categories":[45],"tags":[],"class_list":["post-3416","post","type-post","status-publish","format-standard","has-post-thumbnail","hentry","category-atizapan-de-zaragoza"],"_links":{"self":[{"href":"https:\/\/www.notiflashmexiquense.com.mx\/index.php?rest_route=\/wp\/v2\/posts\/3416","targetHints":{"allow":["GET"]}}],"collection":[{"href":"https:\/\/www.notiflashmexiquense.com.mx\/index.php?rest_route=\/wp\/v2\/posts"}],"about":[{"href":"https:\/\/www.notiflashmexiquense.com.mx\/index.php?rest_route=\/wp\/v2\/types\/post"}],"author":[{"embeddable":true,"href":"https:\/\/www.notiflashmexiquense.com.mx\/index.php?rest_route=\/wp\/v2\/users\/1"}],"replies":[{"embeddable":true,"href":"https:\/\/www.notiflashmexiquense.com.mx\/index.php?rest_route=%2Fwp%2Fv2%2Fcomments&post=3416"}],"version-history":[{"count":1,"href":"https:\/\/www.notiflashmexiquense.com.mx\/index.php?rest_route=\/wp\/v2\/posts\/3416\/revisions"}],"predecessor-version":[{"id":3418,"href":"https:\/\/www.notiflashmexiquense.com.mx\/index.php?rest_route=\/wp\/v2\/posts\/3416\/revisions\/3418"}],"wp:featuredmedia":[{"embeddable":true,"href":"https:\/\/www.notiflashmexiquense.com.mx\/index.php?rest_route=\/wp\/v2\/media\/3417"}],"wp:attachment":[{"href":"https:\/\/www.notiflashmexiquense.com.mx\/index.php?rest_route=%2Fwp%2Fv2%2Fmedia&parent=3416"}],"wp:term":[{"taxonomy":"category","embeddable":true,"href":"https:\/\/www.notiflashmexiquense.com.mx\/index.php?rest_route=%2Fwp%2Fv2%2Fcategories&post=3416"},{"taxonomy":"post_tag","embeddable":true,"href":"https:\/\/www.notiflashmexiquense.com.mx\/index.php?rest_route=%2Fwp%2Fv2%2Ftags&post=3416"}],"curies":[{"name":"wp","href":"https:\/\/api.w.org\/{rel}","templated":true}]}}