{"id":3105,"date":"2021-11-11T04:11:05","date_gmt":"2021-11-11T04:11:05","guid":{"rendered":"https:\/\/www.notiflashmexiquense.com.mx\/?p=3105"},"modified":"2021-11-11T04:11:05","modified_gmt":"2021-11-11T04:11:05","slug":"analizan-en-el-congreso-elevar-penas-por-inducir-a-menores-a-delinquir","status":"publish","type":"post","link":"https:\/\/www.notiflashmexiquense.com.mx\/?p=3105","title":{"rendered":"Analizan en el Congreso elevar penas por inducir a menores a delinquir"},"content":{"rendered":"\n<p>\ud83d\udcf0 La Comisi\u00f3n de Procuraci\u00f3n y Administraci\u00f3n de Justicia del Congreso local acord\u00f3 convocar a personas expertas que aporten su experiencia en el an\u00e1lisis de las iniciativas para imponer penas de 10 a 15 a\u00f1os de prisi\u00f3n a quien reclute a menores de edad para inducirlos a cometer delitos de alto impacto y para que se observe fielmente el inter\u00e9s superior del menor en los casos judiciales que los involucren.<\/p>\n\n\n\n<p>M\u00e1s informaci\u00f3n \ud83d\udc47\ud83c\udffe<br>legislativoedomex.gob.mx\/comunicado.php?id=170<\/p>\n","protected":false},"excerpt":{"rendered":"<p>&eth;&#159;&#147;&deg; La Comisi&oacute;n de Procuraci&oacute;n y Administraci&oacute;n de Justicia del Congreso local acord&oacute; convocar a&#8230;<\/p>\n","protected":false},"author":1,"featured_media":3106,"comment_status":"closed","ping_status":"closed","sticky":false,"template":"","format":"standard","meta":{"footnotes":""},"categories":[42],"tags":[],"class_list":["post-3105","post","type-post","status-publish","format-standard","has-post-thumbnail","hentry","category-legislatura-mexiquense-nueva-etapa"],"_links":{"self":[{"href":"https:\/\/www.notiflashmexiquense.com.mx\/index.php?rest_route=\/wp\/v2\/posts\/3105","targetHints":{"allow":["GET"]}}],"collection":[{"href":"https:\/\/www.notiflashmexiquense.com.mx\/index.php?rest_route=\/wp\/v2\/posts"}],"about":[{"href":"https:\/\/www.notiflashmexiquense.com.mx\/index.php?rest_route=\/wp\/v2\/types\/post"}],"author":[{"embeddable":true,"href":"https:\/\/www.notiflashmexiquense.com.mx\/index.php?rest_route=\/wp\/v2\/users\/1"}],"replies":[{"embeddable":true,"href":"https:\/\/www.notiflashmexiquense.com.mx\/index.php?rest_route=%2Fwp%2Fv2%2Fcomments&post=3105"}],"version-history":[{"count":1,"href":"https:\/\/www.notiflashmexiquense.com.mx\/index.php?rest_route=\/wp\/v2\/posts\/3105\/revisions"}],"predecessor-version":[{"id":3107,"href":"https:\/\/www.notiflashmexiquense.com.mx\/index.php?rest_route=\/wp\/v2\/posts\/3105\/revisions\/3107"}],"wp:featuredmedia":[{"embeddable":true,"href":"https:\/\/www.notiflashmexiquense.com.mx\/index.php?rest_route=\/wp\/v2\/media\/3106"}],"wp:attachment":[{"href":"https:\/\/www.notiflashmexiquense.com.mx\/index.php?rest_route=%2Fwp%2Fv2%2Fmedia&parent=3105"}],"wp:term":[{"taxonomy":"category","embeddable":true,"href":"https:\/\/www.notiflashmexiquense.com.mx\/index.php?rest_route=%2Fwp%2Fv2%2Fcategories&post=3105"},{"taxonomy":"post_tag","embeddable":true,"href":"https:\/\/www.notiflashmexiquense.com.mx\/index.php?rest_route=%2Fwp%2Fv2%2Ftags&post=3105"}],"curies":[{"name":"wp","href":"https:\/\/api.w.org\/{rel}","templated":true}]}}