{"id":3097,"date":"2021-11-11T03:49:58","date_gmt":"2021-11-11T03:49:58","guid":{"rendered":"https:\/\/www.notiflashmexiquense.com.mx\/?p=3097"},"modified":"2021-11-11T03:49:58","modified_gmt":"2021-11-11T03:49:58","slug":"rodrigo-ruiz-presente-en-los-foros-legislativos-encabezados-por-el-senador-higinio-martinez","status":"publish","type":"post","link":"https:\/\/www.notiflashmexiquense.com.mx\/?p=3097","title":{"rendered":"Rodrigo Ru\u00edz presente en los \u00abForos Legislativos\u00bb encabezados por el Senador Higinio Mart\u00ednez"},"content":{"rendered":"\n<p>En d\u00edas pasados estuve presente acompa\u00f1ando al Senador de la Rep\u00fablica Higinio Mart\u00ednez en los municipios de Ozumba y Tlamanalco durante los Foros Legislativos \u00abHacia una nueva organizaci\u00f3n territorial mexiquense\u00bb, que pretenden desarrollarse en todos los municipios del Estado de M\u00e9xico.<\/p>\n\n\n\n<p>Con estos foros se tiene la posibilidad de compartir puntos de vista y conocer necesidades que tienen nuestra entidad federativa y proponer soluciones para resolverlas.<\/p>\n","protected":false},"excerpt":{"rendered":"<p>En d&iacute;as pasados estuve presente acompa&ntilde;ando al Senador de la Rep&uacute;blica Higinio Mart&iacute;nez en los&#8230;<\/p>\n","protected":false},"author":1,"featured_media":3098,"comment_status":"closed","ping_status":"closed","sticky":false,"template":"","format":"standard","meta":{"footnotes":""},"categories":[12],"tags":[],"class_list":["post-3097","post","type-post","status-publish","format-standard","has-post-thumbnail","hentry","category-papalotla"],"_links":{"self":[{"href":"https:\/\/www.notiflashmexiquense.com.mx\/index.php?rest_route=\/wp\/v2\/posts\/3097","targetHints":{"allow":["GET"]}}],"collection":[{"href":"https:\/\/www.notiflashmexiquense.com.mx\/index.php?rest_route=\/wp\/v2\/posts"}],"about":[{"href":"https:\/\/www.notiflashmexiquense.com.mx\/index.php?rest_route=\/wp\/v2\/types\/post"}],"author":[{"embeddable":true,"href":"https:\/\/www.notiflashmexiquense.com.mx\/index.php?rest_route=\/wp\/v2\/users\/1"}],"replies":[{"embeddable":true,"href":"https:\/\/www.notiflashmexiquense.com.mx\/index.php?rest_route=%2Fwp%2Fv2%2Fcomments&post=3097"}],"version-history":[{"count":1,"href":"https:\/\/www.notiflashmexiquense.com.mx\/index.php?rest_route=\/wp\/v2\/posts\/3097\/revisions"}],"predecessor-version":[{"id":3099,"href":"https:\/\/www.notiflashmexiquense.com.mx\/index.php?rest_route=\/wp\/v2\/posts\/3097\/revisions\/3099"}],"wp:featuredmedia":[{"embeddable":true,"href":"https:\/\/www.notiflashmexiquense.com.mx\/index.php?rest_route=\/wp\/v2\/media\/3098"}],"wp:attachment":[{"href":"https:\/\/www.notiflashmexiquense.com.mx\/index.php?rest_route=%2Fwp%2Fv2%2Fmedia&parent=3097"}],"wp:term":[{"taxonomy":"category","embeddable":true,"href":"https:\/\/www.notiflashmexiquense.com.mx\/index.php?rest_route=%2Fwp%2Fv2%2Fcategories&post=3097"},{"taxonomy":"post_tag","embeddable":true,"href":"https:\/\/www.notiflashmexiquense.com.mx\/index.php?rest_route=%2Fwp%2Fv2%2Ftags&post=3097"}],"curies":[{"name":"wp","href":"https:\/\/api.w.org\/{rel}","templated":true}]}}