{"id":26500,"date":"2026-05-02T12:31:00","date_gmt":"2026-05-02T12:31:00","guid":{"rendered":"https:\/\/www.notiflashmexiquense.com.mx\/?p=26500"},"modified":"2026-05-03T00:33:35","modified_gmt":"2026-05-03T00:33:35","slug":"fiscalia-mexiquense-detiene-a-sujeto-investigado-por-homicidio-calificado-en-el-municipio-de-ecatepec","status":"publish","type":"post","link":"https:\/\/www.notiflashmexiquense.com.mx\/?p=26500","title":{"rendered":"FISCAL\u00cdA MEXIQUENSE DETIENE A SUJETO INVESTIGADO POR HOMICIDIO CALIFICADO EN EL MUNICIPIO DE ECATEPEC"},"content":{"rendered":"\n<p><\/p>\n\n\n\n<figure class=\"wp-block-table\"><table class=\"has-fixed-layout\"><tbody><tr><td><strong><em>&nbsp;&nbsp;&nbsp;&nbsp;&nbsp;<\/em><\/strong><strong><em>&nbsp;&nbsp;&nbsp; El hoy investigado habr\u00eda agredido a la v\u00edctima con disparos de arma de fuego en la colonia Ciudad Cuauht\u00e9moc.<\/em><\/strong><\/td><\/tr><\/tbody><\/table><\/figure>\n\n\n\n<p><strong><em>Ecatepec, Estado de M\u00e9xico, 2 de mayo de 2026.-<\/em><\/strong>&nbsp;Por su probable participaci\u00f3n en el delito de homicidio calificado, elementos de la Fiscal\u00eda General de Justicia del Estado de M\u00e9xico (FGJEM) cumplimentaron orden de aprehensi\u00f3n en contra de un individuo identificado como Daniel \u201cN\u201d.<\/p>\n\n\n\n<p>De acuerdo con las investigaciones de esta Fiscal\u00eda, el 8 de marzo de 2026, la v\u00edctima se encontraba en calles de la colonia Ciudad Cuauht\u00e9moc, en Ecatepec, momento en que fue abordada por dos sujetos, entre ellos el hoy investigado, quienes llegaron a bordo de una motocicleta, de la cual descendi\u00f3 Daniel \u201cN\u201d, quien de manera inmediata accion\u00f3 un arma de fuego en contra de la v\u00edctima, quien perdi\u00f3 la vida en el lugar, en tanto que los posibles part\u00edcipes huyeron del lugar.<\/p>\n\n\n\n<p>Mediante diferentes t\u00e9cnicas de investigaci\u00f3n, esta Fiscal\u00eda pudo conocer la identidad de los probables part\u00edcipes del hecho denunciado, por lo que fue solicitada ante un Juez una orden de aprehensi\u00f3n.<\/p>\n\n\n\n<p>Al ejecutar dicho mandamiento judicial, fue posible poner a disposici\u00f3n de la autoridad a Daniel \u201cN\u201d, quien fue ingresado al Centro Penitenciario y de Reinserci\u00f3n Social de la zona, donde el Juez definir\u00e1 su situaci\u00f3n legal.<\/p>\n\n\n\n<p>Al detenido se le debe de considerar inocente hasta que un Juez determine lo contrario mediante una sentencia.<\/p>\n\n\n\n<p>La Fiscal\u00eda General de Justicia del Estado de M\u00e9xico pone a disposici\u00f3n de la ciudadan\u00eda el correo electr\u00f3nico&nbsp;<a rel=\"noreferrer noopener\" target=\"_blank\" href=\"mailto:cerotolerancia@fiscaliaedomex.gob.mx\">cerotolerancia@fiscaliaedomex.gob.mx<\/a>, el n\u00famero telef\u00f3nico 800 7028770, o bien, la aplicaci\u00f3n FGJEdomex, la cual est\u00e1 disponible de manera gratuita para los tel\u00e9fonos inteligentes de los sistemas iOS y Android.<\/p>\n\n\n\n<p><\/p>\n","protected":false},"excerpt":{"rendered":"<p>&nbsp;&nbsp;&nbsp;&nbsp;&nbsp;&nbsp;&nbsp;&nbsp; El hoy investigado habr&iacute;a agredido a la v&iacute;ctima con disparos de arma de fuego&#8230;<\/p>\n","protected":false},"author":1,"featured_media":26502,"comment_status":"closed","ping_status":"closed","sticky":false,"template":"","format":"standard","meta":{"footnotes":""},"categories":[73],"tags":[],"class_list":["post-26500","post","type-post","status-publish","format-standard","has-post-thumbnail","hentry","category-fgjem"],"_links":{"self":[{"href":"https:\/\/www.notiflashmexiquense.com.mx\/index.php?rest_route=\/wp\/v2\/posts\/26500","targetHints":{"allow":["GET"]}}],"collection":[{"href":"https:\/\/www.notiflashmexiquense.com.mx\/index.php?rest_route=\/wp\/v2\/posts"}],"about":[{"href":"https:\/\/www.notiflashmexiquense.com.mx\/index.php?rest_route=\/wp\/v2\/types\/post"}],"author":[{"embeddable":true,"href":"https:\/\/www.notiflashmexiquense.com.mx\/index.php?rest_route=\/wp\/v2\/users\/1"}],"replies":[{"embeddable":true,"href":"https:\/\/www.notiflashmexiquense.com.mx\/index.php?rest_route=%2Fwp%2Fv2%2Fcomments&post=26500"}],"version-history":[{"count":1,"href":"https:\/\/www.notiflashmexiquense.com.mx\/index.php?rest_route=\/wp\/v2\/posts\/26500\/revisions"}],"predecessor-version":[{"id":26501,"href":"https:\/\/www.notiflashmexiquense.com.mx\/index.php?rest_route=\/wp\/v2\/posts\/26500\/revisions\/26501"}],"wp:featuredmedia":[{"embeddable":true,"href":"https:\/\/www.notiflashmexiquense.com.mx\/index.php?rest_route=\/wp\/v2\/media\/26502"}],"wp:attachment":[{"href":"https:\/\/www.notiflashmexiquense.com.mx\/index.php?rest_route=%2Fwp%2Fv2%2Fmedia&parent=26500"}],"wp:term":[{"taxonomy":"category","embeddable":true,"href":"https:\/\/www.notiflashmexiquense.com.mx\/index.php?rest_route=%2Fwp%2Fv2%2Fcategories&post=26500"},{"taxonomy":"post_tag","embeddable":true,"href":"https:\/\/www.notiflashmexiquense.com.mx\/index.php?rest_route=%2Fwp%2Fv2%2Ftags&post=26500"}],"curies":[{"name":"wp","href":"https:\/\/api.w.org\/{rel}","templated":true}]}}