{"id":26497,"date":"2026-05-02T14:30:00","date_gmt":"2026-05-02T14:30:00","guid":{"rendered":"https:\/\/www.notiflashmexiquense.com.mx\/?p=26497"},"modified":"2026-05-02T21:31:43","modified_gmt":"2026-05-02T21:31:43","slug":"fiscalia-edomex-obtiene-vinculacion-a-proceso-en-contra-de-pedro-jared-n-investigado-por-feminicidio-en-grado-de-tentativa-en-agravio-de-su-ex-pareja-sentimental","status":"publish","type":"post","link":"https:\/\/www.notiflashmexiquense.com.mx\/?p=26497","title":{"rendered":"FISCAL\u00cdA EDOM\u00c9X OBTIENE VINCULACI\u00d3N A PROCESO EN CONTRA DE PEDRO JARED \u00abN\u00bb, INVESTIGADO POR FEMINICIDIO EN GRADO DE TENTATIVA EN AGRAVIO DE SU EX PAREJA SENTIMENTAL"},"content":{"rendered":"\n<p><\/p>\n\n\n\n<figure class=\"wp-block-table\"><table class=\"has-fixed-layout\"><tbody><tr><td><strong><em>&nbsp;&nbsp;&nbsp;&nbsp;&nbsp;<\/em><\/strong><strong><em>&nbsp;&nbsp;&nbsp;&nbsp;&nbsp;El investigado habr\u00eda agredido con un arma punzocortante a su pareja sentimental de profesi\u00f3n enfermera, y luego intent\u00f3 ocultarse en un \u201cAnexo\u201d con el fin de intentar evadir la acci\u00f3n de la justicia, por lo que un Juez determin\u00f3 la medida cautelar de prisi\u00f3n preventiva.<\/em><\/strong><\/td><\/tr><\/tbody><\/table><\/figure>\n\n\n\n<p><strong><em>Toluca, Estado de M\u00e9xico, 2 de mayo de 2026.-<\/em><\/strong>&nbsp;La Fiscal\u00eda General de Justicia del Estado de M\u00e9xico (FGJEM) obtuvo vinculaci\u00f3n a proceso en contra de Pedro Jared \u201cN\u201d, quien es investigado por el delito de tentativa de feminicidio, en agravio de quien era su pareja sentimental, de iniciales W.G.H.T., de profesi\u00f3n enfermera, hechos registrados en el municipio de Ecatepec.<\/p>\n\n\n\n<p>&nbsp;El pasado 10 de marzo de 2026, el investigado, tambi\u00e9n de profesi\u00f3n enfermero, se encontraba en el domicilio de sus padres ubicado en la colonia La Guadalupana del municipio de Ecatepec, en compa\u00f1\u00eda de la v\u00edctima.<\/p>\n\n\n\n<p>En alg\u00fan momento, cuando la v\u00edctima se dispon\u00eda a salir del inmueble habr\u00eda sido agredida por este sujeto con un objeto punzocortante caus\u00e1ndole diversas heridas, para despu\u00e9s huir del lugar.<\/p>\n\n\n\n<p>Al momento de la agresi\u00f3n, el ahora detenido tambi\u00e9n usaba expresiones intimidantes contra la v\u00edctima, momento en que llegaron otras personas a quienes tambi\u00e9n amenaz\u00f3 verbalmente.<\/p>\n\n\n\n<p>&nbsp;Derivado de las lesiones recibidas, a la v\u00edctima la trasladaron a un hospital de la zona para recibir atenci\u00f3n m\u00e9dica donde perdi\u00f3 el conocimiento.<\/p>\n\n\n\n<p>Una vez que la Fiscal\u00eda tuvo conocimiento de estos hechos, llev\u00f3 a cabo actos de investigaci\u00f3n que permitieron identificar a Pedro Jared como posible responsable del delito de feminicidio en grado de tentativa, por lo cual solicit\u00f3 y obtuvo de una Autoridad Judicial la orden de aprehensi\u00f3n en su contra.<\/p>\n\n\n\n<p>Las pesquisas de esta Representaci\u00f3n Social permitieron establecer que, tras la agresi\u00f3n, Pedro Jared \u00abN\u00bb, fue internado en un centro de atenci\u00f3n psiqui\u00e1trica en la Ciudad de M\u00e9xico durante aproximadamente siete d\u00edas, posteriormente se traslad\u00f3 al municipio de Atlacomulco donde ingres\u00f3 a un Centro de Rehabilitaci\u00f3n \u201cAnexo\u201d, localizado en la colonia San Jos\u00e9 el Tunal, donde permaneci\u00f3 oculto.<\/p>\n\n\n\n<p>Elementos de la Fiscal\u00eda del Estado de M\u00e9xico se trasladaron a ese lugar donde lograron su captura y cumplimentaron la orden de aprehensi\u00f3n en su contra. Con el apoyo de elementos de la Secretar\u00eda de Marina (MARINA) fue trasladado al municipio de Ecatepec.<\/p>\n\n\n\n<p>Tras ser certificado m\u00e9dicamente en sede ministerial, elementos de esta Fiscal\u00eda, MARINA y polic\u00eda municipal de Ecatepec lo trasladaron e ingresaron al Centro Penitenciario y de Reinserci\u00f3n Social de Chiconautla a disposici\u00f3n de la Autoridad Judicial, quien, tras analizar los datos aportados por la Fiscal\u00eda mexiquense, determin\u00f3 su vinculaci\u00f3n a proceso imponiendo la medida cautelar de prisi\u00f3n preventiva justificada y otorg\u00f3 3 meses de plazo para el cierre de investigaci\u00f3n.<\/p>\n\n\n\n<p>El detenido debe de ser considerado inocente hasta que sea dictada una sentencia de condena en su contra.<\/p>\n\n\n\n<p>La Fiscal\u00eda General de Justicia del Estado de M\u00e9xico pone a disposici\u00f3n de la ciudadan\u00eda el correo electr\u00f3nico&nbsp;<a rel=\"noreferrer noopener\" target=\"_blank\" href=\"mailto:cerotolerancia@fiscaliaedomex.gob.mx\">cerotolerancia@fiscaliaedomex.gob.mx<\/a>, el n\u00famero telef\u00f3nico 800 7028770, o bien, la aplicaci\u00f3n FGJEdomex, la cual est\u00e1 disponible de manera gratuita para los tel\u00e9fonos inteligentes de los sistemas iOS y Android.<\/p>\n\n\n\n<p><\/p>\n","protected":false},"excerpt":{"rendered":"<p>&nbsp;&nbsp;&nbsp;&nbsp;&nbsp;&nbsp;&nbsp;&nbsp;&nbsp;&nbsp;El investigado habr&iacute;a agredido con un arma punzocortante a su pareja sentimental de profesi&oacute;n enfermera,&#8230;<\/p>\n","protected":false},"author":1,"featured_media":26498,"comment_status":"closed","ping_status":"closed","sticky":false,"template":"","format":"standard","meta":{"footnotes":""},"categories":[73],"tags":[],"class_list":["post-26497","post","type-post","status-publish","format-standard","has-post-thumbnail","hentry","category-fgjem"],"_links":{"self":[{"href":"https:\/\/www.notiflashmexiquense.com.mx\/index.php?rest_route=\/wp\/v2\/posts\/26497","targetHints":{"allow":["GET"]}}],"collection":[{"href":"https:\/\/www.notiflashmexiquense.com.mx\/index.php?rest_route=\/wp\/v2\/posts"}],"about":[{"href":"https:\/\/www.notiflashmexiquense.com.mx\/index.php?rest_route=\/wp\/v2\/types\/post"}],"author":[{"embeddable":true,"href":"https:\/\/www.notiflashmexiquense.com.mx\/index.php?rest_route=\/wp\/v2\/users\/1"}],"replies":[{"embeddable":true,"href":"https:\/\/www.notiflashmexiquense.com.mx\/index.php?rest_route=%2Fwp%2Fv2%2Fcomments&post=26497"}],"version-history":[{"count":1,"href":"https:\/\/www.notiflashmexiquense.com.mx\/index.php?rest_route=\/wp\/v2\/posts\/26497\/revisions"}],"predecessor-version":[{"id":26499,"href":"https:\/\/www.notiflashmexiquense.com.mx\/index.php?rest_route=\/wp\/v2\/posts\/26497\/revisions\/26499"}],"wp:featuredmedia":[{"embeddable":true,"href":"https:\/\/www.notiflashmexiquense.com.mx\/index.php?rest_route=\/wp\/v2\/media\/26498"}],"wp:attachment":[{"href":"https:\/\/www.notiflashmexiquense.com.mx\/index.php?rest_route=%2Fwp%2Fv2%2Fmedia&parent=26497"}],"wp:term":[{"taxonomy":"category","embeddable":true,"href":"https:\/\/www.notiflashmexiquense.com.mx\/index.php?rest_route=%2Fwp%2Fv2%2Fcategories&post=26497"},{"taxonomy":"post_tag","embeddable":true,"href":"https:\/\/www.notiflashmexiquense.com.mx\/index.php?rest_route=%2Fwp%2Fv2%2Ftags&post=26497"}],"curies":[{"name":"wp","href":"https:\/\/api.w.org\/{rel}","templated":true}]}}