{"id":26494,"date":"2026-05-01T18:11:00","date_gmt":"2026-05-01T18:11:00","guid":{"rendered":"https:\/\/www.notiflashmexiquense.com.mx\/?p=26494"},"modified":"2026-05-02T21:12:43","modified_gmt":"2026-05-02T21:12:43","slug":"rescatan-con-luz-y-color-el-deportivo-san-andres","status":"publish","type":"post","link":"https:\/\/www.notiflashmexiquense.com.mx\/?p=26494","title":{"rendered":"Rescatan con luz y color el Deportivo San Andr\u00e9s"},"content":{"rendered":"\n<p><\/p>\n\n\n\n<p>\uf0fc Azucena Cisneros recupera espacios para ni\u00f1as, ni\u00f1os y j\u00f3venes en la parte alta de la Sierra de Guadalupe<\/p>\n\n\n\n<p>\uf0fc El colectivo espa\u00f1ol Boa Mistura intervino las canchas con un mural con la palabra LUZ, visible desde el Mexicable<\/p>\n\n\n\n<p>Ecatepec, M\u00e9x., a 01 de mayo de 2026. El deportivo San Andr\u00e9s se llen\u00f3 de luz y color. El gobierno municipal intervino este espacio, ubicado en avenida La Mora, colonia Los Bordos, en la parte alta de la Sierra de Guadalupe, y lo rescat\u00f3 para los pobladores, que lo ocuparon con actividades de basquetbol, box, futbol y zumba.<\/p>\n\n\n\n<p>\u201cMucha luz, mucho color para que la gente vea un cambio radical, para que eso tambi\u00e9n promueva en nuestras ni\u00f1as, en nuestros ni\u00f1os, un cambio de conductas, al igual que en la comunidad\u201d, afirm\u00f3 la alcaldesa Azucena Cisneros Coss, quien con un partido de basquetbol inaugur\u00f3 las canchas remozadas.<\/p>\n\n\n\n<p>Agreg\u00f3: \u201cLo que tenemos que hacer es apropiarnos de los territorios, no volverlos a soltar porque si soltamos otros los han ido agarrando y eso no nos ha ayudado en nada\u201d.<\/p>\n\n\n\n<p>La colonia Los Bordos forma parte de la regi\u00f3n de San Andr\u00e9s de La Ca\u00f1ada, asentada en la Sierra de Guadalupe y que desde hace d\u00e9cadas enfrenta severos rezagos, sobre todo en materia de servicios p\u00fablicos y de espacios adecuados para la recreaci\u00f3n y el deporte.<\/p>\n\n\n\n<p>El deportivo San Andr\u00e9s es ahora sede del programa Cambia de Cancha, que impulsa a ni\u00f1as, ni\u00f1os, adolescentes y j\u00f3venes a realizar actividades deportivas y recreativas para alejarlos de conductas antisociales, por lo que en el lugar ense\u00f1an basquetbol, futbol, boxeo y zumba, entre otras actividades. En las gradas fue pintada la leyenda \u201cAqu\u00ed arriba. Bajo esta luz que nos une\u201d.<\/p>\n\n\n\n<p>\u201cAc\u00e1 estamos, en la parte alta, iluminando, generando todo lo que son actividades, recuperando territorio, construyendo territorios de paz\u201d, insisti\u00f3 Cisneros Coss.<\/p>\n\n\n\n<p>La mun\u00edcipe jug\u00f3 una \u201ccascarita\u201d de basquetbol \u201cporque no hay mejor manera de poder inaugurar esta cancha tan bonita, que si ustedes la ven desde arriba dice LUZ, que eso es lo que queremos en Ecatepec, mucha luz\u201d.<\/p>\n\n\n\n<p>El colectivo art\u00edstico espa\u00f1ol Boa Mistura (Buena Mezcla, en portugu\u00e9s) intervino con un gran mural multicolor las dos canchas de basquetbol y las gradas, que tienen la leyenda LUZ visible desde el Mexicable, lo que convierte diferente el espacio para que no pase inadvertido y para que sea utilizado por las personas.<\/p>\n\n\n\n<p>El deportivo fue rehabilitado en respuesta a una petici\u00f3n vecinal planteada en una Mesa Comunitaria de Paz realizada en la zona. En el partido inaugural jugaron los equipos Cambia de Cancha y Correcaminos de Santa Mar\u00eda Tulpetlac, este \u00faltimo que recientemente gan\u00f3 el tercer lugar en la Olimpiada Nacional Ind\u00edgena Horacio Llamas 2026, el cual es encabezado por el jugador Sebasti\u00e1n Cort\u00e9s Vargas, de 19 a\u00f1os de edad, y cuyos integrantes fueron reconocidos por el gobierno municipal.<\/p>\n\n\n\n<p><\/p>\n","protected":false},"excerpt":{"rendered":"<p>&#61692; Azucena Cisneros recupera espacios para ni&ntilde;as, ni&ntilde;os y j&oacute;venes en la parte alta de&#8230;<\/p>\n","protected":false},"author":1,"featured_media":26495,"comment_status":"closed","ping_status":"closed","sticky":false,"template":"","format":"standard","meta":{"footnotes":""},"categories":[76],"tags":[],"class_list":["post-26494","post","type-post","status-publish","format-standard","has-post-thumbnail","hentry","category-campana-2024-azucena-ecatepec"],"_links":{"self":[{"href":"https:\/\/www.notiflashmexiquense.com.mx\/index.php?rest_route=\/wp\/v2\/posts\/26494","targetHints":{"allow":["GET"]}}],"collection":[{"href":"https:\/\/www.notiflashmexiquense.com.mx\/index.php?rest_route=\/wp\/v2\/posts"}],"about":[{"href":"https:\/\/www.notiflashmexiquense.com.mx\/index.php?rest_route=\/wp\/v2\/types\/post"}],"author":[{"embeddable":true,"href":"https:\/\/www.notiflashmexiquense.com.mx\/index.php?rest_route=\/wp\/v2\/users\/1"}],"replies":[{"embeddable":true,"href":"https:\/\/www.notiflashmexiquense.com.mx\/index.php?rest_route=%2Fwp%2Fv2%2Fcomments&post=26494"}],"version-history":[{"count":1,"href":"https:\/\/www.notiflashmexiquense.com.mx\/index.php?rest_route=\/wp\/v2\/posts\/26494\/revisions"}],"predecessor-version":[{"id":26496,"href":"https:\/\/www.notiflashmexiquense.com.mx\/index.php?rest_route=\/wp\/v2\/posts\/26494\/revisions\/26496"}],"wp:featuredmedia":[{"embeddable":true,"href":"https:\/\/www.notiflashmexiquense.com.mx\/index.php?rest_route=\/wp\/v2\/media\/26495"}],"wp:attachment":[{"href":"https:\/\/www.notiflashmexiquense.com.mx\/index.php?rest_route=%2Fwp%2Fv2%2Fmedia&parent=26494"}],"wp:term":[{"taxonomy":"category","embeddable":true,"href":"https:\/\/www.notiflashmexiquense.com.mx\/index.php?rest_route=%2Fwp%2Fv2%2Fcategories&post=26494"},{"taxonomy":"post_tag","embeddable":true,"href":"https:\/\/www.notiflashmexiquense.com.mx\/index.php?rest_route=%2Fwp%2Fv2%2Ftags&post=26494"}],"curies":[{"name":"wp","href":"https:\/\/api.w.org\/{rel}","templated":true}]}}