{"id":26491,"date":"2026-05-02T14:42:00","date_gmt":"2026-05-02T14:42:00","guid":{"rendered":"https:\/\/www.notiflashmexiquense.com.mx\/?p=26491"},"modified":"2026-05-02T20:44:17","modified_gmt":"2026-05-02T20:44:17","slug":"en-naucalpan-con-las-jornadas-por-la-paz-se-da-atencion-a-las-causas","status":"publish","type":"post","link":"https:\/\/www.notiflashmexiquense.com.mx\/?p=26491","title":{"rendered":"EN NAUCALPAN CON LAS JORNADAS POR LA PAZ SE DA ATENCI\u00d3N A LAS CAUSAS"},"content":{"rendered":"\n<p><\/p>\n\n\n\n<p>\u2022 Se busca atender de fondo los factores que generan la violencia, promoviendo la identidad de las y los naucalpenses y rescatando espacios p\u00fablicos.<\/p>\n\n\n\n<p>\u2022 El Alcalde Isaac Montoya encabez\u00f3 la reciente actividad Danza por La Paz, donde ni\u00f1as, ni\u00f1os y j\u00f3venes ofrecieron una muestra de su talento.<\/p>\n\n\n\n<p>Naucalpan de Ju\u00e1rez, M\u00e9x., 02 de mayo de 2026.- En el marco del D\u00eda Internacional de la Danza, el alcalde Isaac Montoya M\u00e1rquez, previo a la Jornada por la Paz, se\u00f1al\u00f3 que la estrategia de Atenci\u00f3n a las Causas busca atender de fondo los factores que generan la violencia, promoviendo la identidad de las y los naucalpenses y rescatando espacios p\u00fablicos para impulsar el esp\u00edritu comunitario.<\/p>\n\n\n\n<p>El presidente municipal, tras encabezar la Mesa de Paz, dio arranque a la estrategia de Atenci\u00f3n a las Causas en Naucalpan Centro, donde ni\u00f1as, ni\u00f1os y j\u00f3venes pertenecientes a academias de baile ofrecieron una muestra de su talento en la zona de Industrial Tlatilco con la actividad Danza por la Paz.<\/p>\n\n\n\n<p>En Naucalpan como cada semana se llev\u00f3 a cabo una m\u00e1s de las Jornadas por la Paz, estrategia Nacional de Seguridad, impulsada por la Presidenta Claudia Sheinbaum, para atender las causas de la violencia, incluyendo servicios de salud, educaci\u00f3n y cultura en los municipios para disminuir la incidencia delictiva.<\/p>\n\n\n\n<p>Al respecto Montoya M\u00e1rquez asegur\u00f3 \u201cla Mesa de Paz la llevamos una vez a la semana a todas las comunidades en Naucalpan, con el objetivo de avanzar con el parte de novedades diarias, de revisar las investigaciones, sumar los trabajos en el tema de seguridad, pero tambi\u00e9n es importante la atenci\u00f3n a las causas que generan la violencia que son las que afectan en las comunidades\u201d.<\/p>\n\n\n\n<p>En presencia de la ni\u00f1ez y juventud que participaron en esta jornada, as\u00ed como las y los vecinos, y autoridades de los tres niveles de gobierno, el alcalde puntualiz\u00f3, \u201cpor eso se tiene que regenerar el tejido social y c\u00f3mo se va a hacer, a trav\u00e9s de la m\u00fasica, de la danza, a trav\u00e9s del arte, a trav\u00e9s de la cultura apelando a la identidad naucalpense\u201d.<\/p>\n\n\n\n<p>De esta manera, alumnos de las academias Jamal Farid y Esencia Chilanga enriquecieron con su talento esta estrategia que tambi\u00e9n busca abrazar a las y los j\u00f3venes con actividades culturales, deportivas y educativas.<\/p>\n\n\n\n<p>Aunado a estas acciones, el Gobierno de Naucalpan, a trav\u00e9s de la Guardia Municipal trabaja de manera permanente a trav\u00e9s de operativos de seguridad, en coordinaci\u00f3n corporaciones de las tres \u00f3rdenes de gobierno, a fin de recuperar la paz y la tranquilidad de las y los naucalpenses.<\/p>\n\n\n\n<p><\/p>\n","protected":false},"excerpt":{"rendered":"<p>&bull; Se busca atender de fondo los factores que generan la violencia, promoviendo la identidad&#8230;<\/p>\n","protected":false},"author":1,"featured_media":26492,"comment_status":"closed","ping_status":"closed","sticky":false,"template":"","format":"standard","meta":{"footnotes":""},"categories":[83],"tags":[],"class_list":["post-26491","post","type-post","status-publish","format-standard","has-post-thumbnail","hentry","category-naucalpan-issac-montoya-marquez"],"_links":{"self":[{"href":"https:\/\/www.notiflashmexiquense.com.mx\/index.php?rest_route=\/wp\/v2\/posts\/26491","targetHints":{"allow":["GET"]}}],"collection":[{"href":"https:\/\/www.notiflashmexiquense.com.mx\/index.php?rest_route=\/wp\/v2\/posts"}],"about":[{"href":"https:\/\/www.notiflashmexiquense.com.mx\/index.php?rest_route=\/wp\/v2\/types\/post"}],"author":[{"embeddable":true,"href":"https:\/\/www.notiflashmexiquense.com.mx\/index.php?rest_route=\/wp\/v2\/users\/1"}],"replies":[{"embeddable":true,"href":"https:\/\/www.notiflashmexiquense.com.mx\/index.php?rest_route=%2Fwp%2Fv2%2Fcomments&post=26491"}],"version-history":[{"count":1,"href":"https:\/\/www.notiflashmexiquense.com.mx\/index.php?rest_route=\/wp\/v2\/posts\/26491\/revisions"}],"predecessor-version":[{"id":26493,"href":"https:\/\/www.notiflashmexiquense.com.mx\/index.php?rest_route=\/wp\/v2\/posts\/26491\/revisions\/26493"}],"wp:featuredmedia":[{"embeddable":true,"href":"https:\/\/www.notiflashmexiquense.com.mx\/index.php?rest_route=\/wp\/v2\/media\/26492"}],"wp:attachment":[{"href":"https:\/\/www.notiflashmexiquense.com.mx\/index.php?rest_route=%2Fwp%2Fv2%2Fmedia&parent=26491"}],"wp:term":[{"taxonomy":"category","embeddable":true,"href":"https:\/\/www.notiflashmexiquense.com.mx\/index.php?rest_route=%2Fwp%2Fv2%2Fcategories&post=26491"},{"taxonomy":"post_tag","embeddable":true,"href":"https:\/\/www.notiflashmexiquense.com.mx\/index.php?rest_route=%2Fwp%2Fv2%2Ftags&post=26491"}],"curies":[{"name":"wp","href":"https:\/\/api.w.org\/{rel}","templated":true}]}}