{"id":26483,"date":"2026-05-01T20:02:00","date_gmt":"2026-05-01T20:02:00","guid":{"rendered":"https:\/\/www.notiflashmexiquense.com.mx\/?p=26483"},"modified":"2026-05-02T03:50:45","modified_gmt":"2026-05-02T03:50:45","slug":"reitera-alcalde-isaac-montoya-compromiso-de-su-administracion-con-la-justicia-laboral","status":"publish","type":"post","link":"https:\/\/www.notiflashmexiquense.com.mx\/?p=26483","title":{"rendered":"REITERA ALCALDE ISAAC MONTOYA COMPROMISO DE SU ADMINISTRACI\u00d3N CON LA JUSTICIA LABORAL"},"content":{"rendered":"\n<p><\/p>\n\n\n\n<p>\u2022 Durante conmemoraci\u00f3n del D\u00eda del Trabajo que realiz\u00f3 SUTEYM se fortalecen los lazos entre el gobierno municipal y su fuerza de trabajo.<\/p>\n\n\n\n<p>\u2022 Gobierno de Naucalpan toma decisiones para saldar deudas hist\u00f3ricas con las zonas m\u00e1s rezagadas del municipio.<\/p>\n\n\n\n<p>Naucalpan de Ju\u00e1rez, M\u00e9x., 01 de mayo de 2026.- En un acto de unidad y reconocimiento a la labor del servicio p\u00fablico, el Presidente Municipal, Isaac Montoya M\u00e1rquez, particip\u00f3 en la conmemoraci\u00f3n del D\u00eda del Trabajo, organizada por el Sindicato \u00danico de Trabajadores de los Poderes, Municipios e Instituciones Descentralizadas del Estado de M\u00e9xico (SUTEYM), donde reafirm\u00f3 el compromiso de su administraci\u00f3n con la justicia laboral, destacando que su gesti\u00f3n ser\u00e1 un gobierno \u201cde, para y con los trabajadores\u201d.<\/p>\n\n\n\n<p>El evento tuvo lugar en la explanada del Palacio Municipal, donde se dieron cita cientos de agremiados y sus liderazgos para conmemorar la lucha hist\u00f3rica por los derechos laborales y fortalecer los lazos entre el gobierno municipal y su fuerza de trabajo. Acompa\u00f1ado por el Secretario de la Secci\u00f3n Naucalpan, Tom\u00e1s Palomares, a quien el alcalde reconoci\u00f3 por su liderazgo y amistad, hizo un llamado para valorar el esfuerzo de quienes mantienen en pie al municipio.<\/p>\n\n\n\n<p>En presencia de la Presidenta del Sistema Municipal DIF Naucalpan, Adriana G. Escobar, as\u00ed como de liderazgos del SUTEYM, y servidores p\u00fablicos municipales, enfatiz\u00f3 que la lucha laboral pertenece hist\u00f3ricamente a la izquierda y que, bajo el principio de \u00abprosperidad compartida\u00bb, nadie se quedar\u00e1 atr\u00e1s en la transformaci\u00f3n de Naucalpan.<\/p>\n\n\n\n<p>\u00abLa pol\u00edtica de los tiempos actuales debe tener la humildad para dejarse escuchar y ayudar. Cuando hay soberbia, no se alcanzan los objetivos\u00bb, se\u00f1al\u00f3 el edil ante la estructura sindical y funcionarios p\u00fablicos.<br>Asimismo, comparti\u00f3 sus ra\u00edces como habitante de los cerros de Naucalpan, recordando que proviene de una familia de migrantes que, como miles de naucalpenses, construyeron sus colonias a base de \u00abpico y pala\u00bb.<\/p>\n\n\n\n<p>Montoya M\u00e1rquez apunt\u00f3 que, su administraci\u00f3n tomar\u00e1 decisiones con \u00abconciencia social\u00bb para saldar deudas hist\u00f3ricas con las zonas m\u00e1s rezagadas del municipio. A la vez que, realiz\u00f3 diversos anuncios de infraestructura, en Lomas de los Remedios, se concluir\u00e1 la red de drenaje y se pavimentar\u00e1 la zona en su totalidad. Adem\u00e1s, en la Avenida San Fernando, se iniciar\u00e1 una primera etapa de pavimentaci\u00f3n este mismo a\u00f1o para dignificar el tr\u00e1nsito en la comunidad.<\/p>\n\n\n\n<p>Asimismo, enfatiz\u00f3 que, como parte de las acciones para devolver la dignidad a la identidad obrera del municipio, se reinaugur\u00f3 la Oda de Hierro, mejor conocida como el Monumento al Obrero. El monumento fue restaurado y reubicado en un sitio de honor.<\/p>\n\n\n\n<p>Por \u00faltimo, realiz\u00f3 un balance comparativo sobre la situaci\u00f3n econ\u00f3mica de los trabajadores y subray\u00f3 que, tras d\u00e9cadas de pol\u00edticas neoliberales que pulverizaron el salario m\u00ednimo (pasando de una capacidad de compra de 50 kg de tortilla en 1982 a solo 5.7 kg en 2018), actualmente se vive una recuperaci\u00f3n hist\u00f3rica del 154% en t\u00e9rminos reales, reconociendo el trabajo logrado por el expresidente Andr\u00e9s Manuel L\u00f3pez Obrador y la Presidenta Claudia Sheinbaum.<\/p>\n\n\n\n<p>En su oportunidad, Tom\u00e1s Palomares Parra, destac\u00f3 la relevancia hist\u00f3rica del SUTEYM, y resalt\u00f3 el trabajo conjunto con la Gobernadora Delfina G\u00f3mez \u00c1lvarez y la estrecha colaboraci\u00f3n con el Gobierno Municipal de Isaac Montoya M\u00e1rquez. Reafirm\u00f3 que esta alianza busca dignificar el servicio p\u00fablico, generando mejores condiciones tanto para la comunidad como para los trabajadores, por lo que hizo un llamado a seguir respaldando este proyecto de gobierno.<\/p>\n\n\n\n<p>Los l\u00edderes sindicales agradecieron la asistencia del Alcalde y destacaron la presencia de la Presidenta del Sistema Municipal DIF, calificaron como un hecho sin precedentes, el que la pareja asista de manera conjunta a estos festejos, contrastando con la din\u00e1mica de gestiones anteriores.<\/p>\n\n\n\n<p><\/p>\n","protected":false},"excerpt":{"rendered":"<p>&bull; Durante conmemoraci&oacute;n del D&iacute;a del Trabajo que realiz&oacute; SUTEYM se fortalecen los lazos entre&#8230;<\/p>\n","protected":false},"author":1,"featured_media":26484,"comment_status":"closed","ping_status":"closed","sticky":false,"template":"","format":"standard","meta":{"footnotes":""},"categories":[83],"tags":[],"class_list":["post-26483","post","type-post","status-publish","format-standard","has-post-thumbnail","hentry","category-naucalpan-issac-montoya-marquez"],"_links":{"self":[{"href":"https:\/\/www.notiflashmexiquense.com.mx\/index.php?rest_route=\/wp\/v2\/posts\/26483","targetHints":{"allow":["GET"]}}],"collection":[{"href":"https:\/\/www.notiflashmexiquense.com.mx\/index.php?rest_route=\/wp\/v2\/posts"}],"about":[{"href":"https:\/\/www.notiflashmexiquense.com.mx\/index.php?rest_route=\/wp\/v2\/types\/post"}],"author":[{"embeddable":true,"href":"https:\/\/www.notiflashmexiquense.com.mx\/index.php?rest_route=\/wp\/v2\/users\/1"}],"replies":[{"embeddable":true,"href":"https:\/\/www.notiflashmexiquense.com.mx\/index.php?rest_route=%2Fwp%2Fv2%2Fcomments&post=26483"}],"version-history":[{"count":1,"href":"https:\/\/www.notiflashmexiquense.com.mx\/index.php?rest_route=\/wp\/v2\/posts\/26483\/revisions"}],"predecessor-version":[{"id":26485,"href":"https:\/\/www.notiflashmexiquense.com.mx\/index.php?rest_route=\/wp\/v2\/posts\/26483\/revisions\/26485"}],"wp:featuredmedia":[{"embeddable":true,"href":"https:\/\/www.notiflashmexiquense.com.mx\/index.php?rest_route=\/wp\/v2\/media\/26484"}],"wp:attachment":[{"href":"https:\/\/www.notiflashmexiquense.com.mx\/index.php?rest_route=%2Fwp%2Fv2%2Fmedia&parent=26483"}],"wp:term":[{"taxonomy":"category","embeddable":true,"href":"https:\/\/www.notiflashmexiquense.com.mx\/index.php?rest_route=%2Fwp%2Fv2%2Fcategories&post=26483"},{"taxonomy":"post_tag","embeddable":true,"href":"https:\/\/www.notiflashmexiquense.com.mx\/index.php?rest_route=%2Fwp%2Fv2%2Ftags&post=26483"}],"curies":[{"name":"wp","href":"https:\/\/api.w.org\/{rel}","templated":true}]}}