{"id":26476,"date":"2026-04-30T19:20:00","date_gmt":"2026-04-30T19:20:00","guid":{"rendered":"https:\/\/www.notiflashmexiquense.com.mx\/?p=26476"},"modified":"2026-05-01T02:22:59","modified_gmt":"2026-05-01T02:22:59","slug":"vinculan-a-proceso-a-sujeto-por-homicidio-calificado-en-agravio-de-dos-victimas-en-el-municipio-de-tultitlan","status":"publish","type":"post","link":"https:\/\/www.notiflashmexiquense.com.mx\/?p=26476","title":{"rendered":"VINCULAN A PROCESO A SUJETO POR HOMICIDIO CALIFICADO EN AGRAVIO DE DOS V\u00cdCTIMAS EN EL MUNICIPIO DE TULTITL\u00c1N"},"content":{"rendered":"\n<p><\/p>\n\n\n\n<figure class=\"wp-block-table\"><table class=\"has-fixed-layout\"><tbody><tr><td><strong>* &nbsp;El imputado es investigado por la muerte de dos personas, cuyos cuerpos fueron inhumados clandestinamente.<\/strong><strong>&nbsp;<\/strong><\/td><\/tr><\/tbody><\/table><\/figure>\n\n\n\n<p><\/p>\n\n\n\n<p><strong>Tultitl\u00e1n, Estado de M\u00e9xico, 30 de abril de 2026<\/strong>.- La&nbsp;<strong>Fiscal\u00eda General de Justicia del Estado de M\u00e9xico<\/strong>&nbsp;obtuvo de una Autoridad Judicial,&nbsp;<strong>auto de vinculaci\u00f3n a proceso<\/strong>&nbsp;en contra de&nbsp;<strong>Fabi\u00e1n \u201cN\u201d<\/strong>, a quien se le investiga por su probable participaci\u00f3n en el&nbsp;<strong>delito de homicidio calificado<\/strong>&nbsp;cometido en agravio de dos personas.<\/p>\n\n\n\n<p>El pasado 8 de septiembre de 2016, las dos v\u00edctimas, una mujer y un hombre, aparentemente fueron trasladados por el imputado hacia un inmueble ubicado en la colonia Lecher\u00eda, en Tultitl\u00e1n, lugar en el que fueron privados de la vida a consecuencia de heridas producidas por disparos de arma de fuego, y cuyos cuerpos fueron mutilados e inhumados de manera clandestina.<\/p>\n\n\n\n<p>El avance de las investigaciones permiti\u00f3 identificar al posible responsable del hecho delictivo, por lo que la&nbsp;<strong>Fiscal\u00eda de Justicia<\/strong>&nbsp;estatal solicit\u00f3 y obtuvo de un Juez la orden de aprehensi\u00f3n correspondiente.<\/p>\n\n\n\n<p>Al ser cumplimentado dicho mandamiento judicial, el detenido fue ingresado al Centro Penitenciario y de Reinserci\u00f3n Social de la zona, donde qued\u00f3 a disposici\u00f3n de la autoridad, la cual, al conocer y analizar los elementos de prueba ofrecidos por la&nbsp;<strong>Fiscal\u00eda<\/strong>&nbsp;estatal, determin\u00f3 la&nbsp;<strong>vinculaci\u00f3n a proceso<\/strong>&nbsp;de&nbsp;<strong>Fabi\u00e1n \u201cN\u201d<\/strong>.<\/p>\n\n\n\n<p>Adem\u00e1s, fij\u00f3 un plazo de un mes para la investigaci\u00f3n complementaria e impuso prisi\u00f3n preventiva justificada para el investigado.<\/p>\n\n\n\n<p>En caso de ser declarado culpable, podr\u00eda alcanzar una penalidad que va de los cuarenta hasta los setenta a\u00f1os de prisi\u00f3n.<\/p>\n\n\n\n<p>Sin embargo, el detenido debe de ser considerado inocente hasta que un Juez determine lo contrario mediante una sentencia.<\/p>\n\n\n\n<p>La&nbsp;<strong>Fiscal\u00eda General de Justicia del Estado de M\u00e9xico<\/strong>&nbsp;pone a disposici\u00f3n de la ciudadan\u00eda el correo electr\u00f3nico&nbsp;<a rel=\"noreferrer noopener\" target=\"_blank\" href=\"mailto:cerotolerancia@fiscaliaedomex.gob.mx\">cerotolerancia@fiscaliaedomex.gob.mx<\/a>, el n\u00famero telef\u00f3nico 800 7028770, o bien, la aplicaci\u00f3n FGJEdomex, la cual est\u00e1 disponible de manera gratuita para los tel\u00e9fonos inteligentes de los sistemas iOS y Android.<strong>oo0oo<\/strong><\/p>\n\n\n\n<p><\/p>\n","protected":false},"excerpt":{"rendered":"<p>* &nbsp;El imputado es investigado por la muerte de dos personas, cuyos cuerpos fueron inhumados&#8230;<\/p>\n","protected":false},"author":1,"featured_media":26478,"comment_status":"closed","ping_status":"closed","sticky":false,"template":"","format":"standard","meta":{"footnotes":""},"categories":[73],"tags":[],"class_list":["post-26476","post","type-post","status-publish","format-standard","has-post-thumbnail","hentry","category-fgjem"],"_links":{"self":[{"href":"https:\/\/www.notiflashmexiquense.com.mx\/index.php?rest_route=\/wp\/v2\/posts\/26476","targetHints":{"allow":["GET"]}}],"collection":[{"href":"https:\/\/www.notiflashmexiquense.com.mx\/index.php?rest_route=\/wp\/v2\/posts"}],"about":[{"href":"https:\/\/www.notiflashmexiquense.com.mx\/index.php?rest_route=\/wp\/v2\/types\/post"}],"author":[{"embeddable":true,"href":"https:\/\/www.notiflashmexiquense.com.mx\/index.php?rest_route=\/wp\/v2\/users\/1"}],"replies":[{"embeddable":true,"href":"https:\/\/www.notiflashmexiquense.com.mx\/index.php?rest_route=%2Fwp%2Fv2%2Fcomments&post=26476"}],"version-history":[{"count":1,"href":"https:\/\/www.notiflashmexiquense.com.mx\/index.php?rest_route=\/wp\/v2\/posts\/26476\/revisions"}],"predecessor-version":[{"id":26479,"href":"https:\/\/www.notiflashmexiquense.com.mx\/index.php?rest_route=\/wp\/v2\/posts\/26476\/revisions\/26479"}],"wp:featuredmedia":[{"embeddable":true,"href":"https:\/\/www.notiflashmexiquense.com.mx\/index.php?rest_route=\/wp\/v2\/media\/26478"}],"wp:attachment":[{"href":"https:\/\/www.notiflashmexiquense.com.mx\/index.php?rest_route=%2Fwp%2Fv2%2Fmedia&parent=26476"}],"wp:term":[{"taxonomy":"category","embeddable":true,"href":"https:\/\/www.notiflashmexiquense.com.mx\/index.php?rest_route=%2Fwp%2Fv2%2Fcategories&post=26476"},{"taxonomy":"post_tag","embeddable":true,"href":"https:\/\/www.notiflashmexiquense.com.mx\/index.php?rest_route=%2Fwp%2Fv2%2Ftags&post=26476"}],"curies":[{"name":"wp","href":"https:\/\/api.w.org\/{rel}","templated":true}]}}