{"id":26473,"date":"2026-04-30T19:08:00","date_gmt":"2026-04-30T19:08:00","guid":{"rendered":"https:\/\/www.notiflashmexiquense.com.mx\/?p=26473"},"modified":"2026-05-01T02:11:42","modified_gmt":"2026-05-01T02:11:42","slug":"policia-de-ecatepec-activa-en-zonas-vulnerables-operativo-sonrisas","status":"publish","type":"post","link":"https:\/\/www.notiflashmexiquense.com.mx\/?p=26473","title":{"rendered":"Polic\u00eda de Ecatepec activa en zonas vulnerables Operativo Sonrisas"},"content":{"rendered":"\n<p><\/p>\n\n\n\n<p>Ecatepec, M\u00e9x., a 30 de abril de 2026. La polic\u00eda municipal de Ecatepec puso en marcha el \u201cOperativo Sonrisas\u201d para llevar obsequios y sorpresas a ni\u00f1as y ni\u00f1os de las colonias Luis Donaldo Colosio, Ciudad Cuauht\u00e9moc, Lomas de San Carlos, Arboledas Xalostoc y San Andr\u00e9s de la Ca\u00f1ada, estas \u00faltimas en la parte alta de la Sierra de Guadalupe.<\/p>\n\n\n\n<p>\u201cHoy realizamos el Operativo Sonrisas para llevar alegr\u00eda a nuestros peque\u00f1os, y desde la polic\u00eda municipal seguiremos cuidando el bienestar de las ni\u00f1as y los ni\u00f1os de Ecatepec\u201d, afirm\u00f3 Luis Alberto Taylor Gonz\u00e1lez, comisario de Seguridad Ciudadana y Tr\u00e1nsito Municipal.<\/p>\n\n\n\n<p>En el despliegue operativo, encabezado por el comisario, participaron elementos de los sectores 5, 7 y 15, y de los agrupamientos de Prevenci\u00f3n del Delito, Polic\u00eda Metropolitana, Grupo de Operaciones Especiales, Tr\u00e1nsito Municipal y personal de Fuerza de Tarea de Marina.<\/p>\n\n\n\n<p>En la colonia La Laguna de Chiconautla los peque\u00f1os fueron sorprendidos por polic\u00edas y marinos, quienes les entregaron superh\u00e9roes, mu\u00f1ecas, pelotas, dinosaurios, unicornios, dragones y plastilina moldeable.<\/p>\n\n\n\n<p>Luego, en una zona irregular conocida como \u201cEl Hoyo\u201d, en Ciudad Cuauht\u00e9moc, Samantha y Giovanna se emocionaron con los juguetes entregados por marinos y polic\u00edas, y pidieron que siempre las protejan. \u201cFue muy bonito el regalo, muchas gracias a los polic\u00edas y les pedimos que a los ni\u00f1os maltratados siempre los rescaten\u201d.<\/p>\n\n\n\n<p>En Lomas de San Carlos, polic\u00edas del Sector 5 organizaron un festejo a los infantes con un show de payasos, baile y canto, entregaron botanas y obsequios a los peque\u00f1os.<\/p>\n\n\n\n<p>Y en Arboledas Xalostoc, en la parte m\u00e1s alta de la Sierra de Guadalupe, los polic\u00edas sorprendieron a los 17 integrantes de la familia Quintero, que habitan en este sitio desde hace 28 a\u00f1os y aseguran que es la primera vez que llevan una sorpresa hasta su domicilio.<\/p>\n\n\n\n<p>\u201cMe dio mucho gusto que se acordaran de nosotros, estoy muy agradecido que vinieran y por los servicios que nos dan; es un bonito detalle para los ni\u00f1os, como estamos hasta ac\u00e1 arriba es la primera vez que alguien viene a dejar juguetes\u201d, se\u00f1al\u00f3 don Luis Quintero.<\/p>\n\n\n\n<p>La canci\u00f3n \u201cEn el Bosque de la China\u201d, de Cepill\u00edn, se escuchaba desde la patrulla que circulaba por calles de la colonia Arboledas Xalostoc -en la parte alta de la Sierra de Guadalupe- y atrajo la atenci\u00f3n de los peque\u00f1os, quienes salieron de sus casas acompa\u00f1ados de sus padres y encontraron a polic\u00edas del Sector 5 recorriendo las calles para entregar juguetes y dulces.<\/p>\n\n\n\n<p>Samuel, de 10 a\u00f1os de edad, regresaba de la escuela por avenida Puerto del Gallo, vio una patrulla y polic\u00edas; pens\u00f3 que algo hab\u00eda ocurrido, pero al escuchar m\u00fasica de Cepill\u00edn su rostro cambi\u00f3: \u201cpens\u00e9 que hab\u00eda un problema, pero me sorprend\u00ed cuando me dieron un juguete\u201d.<\/p>\n\n\n\n<p>Adriana, de La Lomita, en San Andr\u00e9s de la Ca\u00f1ada, quien llevaba a su hijo en brazos, reconoci\u00f3 la labor de los polic\u00edas por llevar alegr\u00eda a los peque\u00f1os de la zona porque para muchas familias es complicado poder celebrar. \u201cEst\u00e1 muy bien, es una buena obra, son muchos ni\u00f1os que no reciben nada, ya sea de su familia o en la escuela, pero es gran detalle para los peque\u00f1os\u201d.<\/p>\n\n\n\n<p><\/p>\n","protected":false},"excerpt":{"rendered":"<p>Ecatepec, M&eacute;x., a 30 de abril de 2026. La polic&iacute;a municipal de Ecatepec puso en&#8230;<\/p>\n","protected":false},"author":1,"featured_media":26474,"comment_status":"closed","ping_status":"closed","sticky":false,"template":"","format":"standard","meta":{"footnotes":""},"categories":[76],"tags":[],"class_list":["post-26473","post","type-post","status-publish","format-standard","has-post-thumbnail","hentry","category-campana-2024-azucena-ecatepec"],"_links":{"self":[{"href":"https:\/\/www.notiflashmexiquense.com.mx\/index.php?rest_route=\/wp\/v2\/posts\/26473","targetHints":{"allow":["GET"]}}],"collection":[{"href":"https:\/\/www.notiflashmexiquense.com.mx\/index.php?rest_route=\/wp\/v2\/posts"}],"about":[{"href":"https:\/\/www.notiflashmexiquense.com.mx\/index.php?rest_route=\/wp\/v2\/types\/post"}],"author":[{"embeddable":true,"href":"https:\/\/www.notiflashmexiquense.com.mx\/index.php?rest_route=\/wp\/v2\/users\/1"}],"replies":[{"embeddable":true,"href":"https:\/\/www.notiflashmexiquense.com.mx\/index.php?rest_route=%2Fwp%2Fv2%2Fcomments&post=26473"}],"version-history":[{"count":1,"href":"https:\/\/www.notiflashmexiquense.com.mx\/index.php?rest_route=\/wp\/v2\/posts\/26473\/revisions"}],"predecessor-version":[{"id":26475,"href":"https:\/\/www.notiflashmexiquense.com.mx\/index.php?rest_route=\/wp\/v2\/posts\/26473\/revisions\/26475"}],"wp:featuredmedia":[{"embeddable":true,"href":"https:\/\/www.notiflashmexiquense.com.mx\/index.php?rest_route=\/wp\/v2\/media\/26474"}],"wp:attachment":[{"href":"https:\/\/www.notiflashmexiquense.com.mx\/index.php?rest_route=%2Fwp%2Fv2%2Fmedia&parent=26473"}],"wp:term":[{"taxonomy":"category","embeddable":true,"href":"https:\/\/www.notiflashmexiquense.com.mx\/index.php?rest_route=%2Fwp%2Fv2%2Fcategories&post=26473"},{"taxonomy":"post_tag","embeddable":true,"href":"https:\/\/www.notiflashmexiquense.com.mx\/index.php?rest_route=%2Fwp%2Fv2%2Ftags&post=26473"}],"curies":[{"name":"wp","href":"https:\/\/api.w.org\/{rel}","templated":true}]}}