{"id":26469,"date":"2026-04-30T19:02:00","date_gmt":"2026-04-30T19:02:00","guid":{"rendered":"https:\/\/www.notiflashmexiquense.com.mx\/?p=26469"},"modified":"2026-05-01T01:17:15","modified_gmt":"2026-05-01T01:17:15","slug":"con-campanas-innovadoras-impulsadas-a-traves-del-sipinna-atizapan-garantiza-el-bienestar-de-la-ninez-y-adolescencias","status":"publish","type":"post","link":"https:\/\/www.notiflashmexiquense.com.mx\/?p=26469","title":{"rendered":"CON CAMPA\u00d1AS INNOVADORAS IMPULSADAS A TRAV\u00c9S DEL SIPINNA, ATIZAP\u00c1N GARANTIZA EL BIENESTAR DE LA NI\u00d1EZ Y ADOLESCENCIAS"},"content":{"rendered":"\n<p><\/p>\n\n\n\n<p>\u2022 Actualmente se lleva a cabo una campa\u00f1a digital, animada con inteligencia artificial, para seguir innovando en pol\u00edticas p\u00fablicas que fomenten la sana alimentaci\u00f3n en las ni\u00f1as, ni\u00f1os y adolescentes.<\/p>\n\n\n\n<p>Atizap\u00e1n de Zaragoza contin\u00faa avanzando en la protecci\u00f3n y en garantizar los derechos de los menores de edad, priorizando siempre tanto su salud f\u00edsica como mental, a trav\u00e9s de acciones innovadoras impulsadas desde el Sistema Municipal de Protecci\u00f3n Integral de Ni\u00f1as, Ni\u00f1os y Adolescentes (SIPINNA).<\/p>\n\n\n\n<p>En el marco de la Sexta Sesi\u00f3n Ordinaria del SIPINNA, Rodrigo S\u00e1nchez de la Pe\u00f1a, Secretario T\u00e9cnico de dicho Sistema, afirm\u00f3 que por instrucciones del Alcalde Pedro Rodr\u00edguez, la atenci\u00f3n a la ni\u00f1ez y las adolescencias se ha priorizado en este municipio, muestra de ello es la estrategia transversal que se lleva a cabo en favor de ambos sectores.<\/p>\n\n\n\n<p>S\u00e1nchez de la Pe\u00f1a destac\u00f3 el trabajo coordinado de las distintas \u00e1reas municipales, lo que ha permitido que Atizap\u00e1n sea pionero en diversas iniciativas encaminadas a procurar el bienestar de las ni\u00f1as, ni\u00f1os y adolescentes.<\/p>\n\n\n\n<p>Durante la sesi\u00f3n, la Directora de Innovaci\u00f3n y Comunicaci\u00f3n, Jessica D\u00edaz de Le\u00f3n, detall\u00f3 los alcances que ha tenido la campa\u00f1a digital \u201cPonles m\u00e1s s\u00faper h\u00e9roes a tu plato\u201d, la cual promueve una alimentaci\u00f3n saludable en la ni\u00f1ez, por medio de ocho personajes inspirados en frutas y verduras, mismos que son animados con inteligencia artificial, continuando as\u00ed con la innovaci\u00f3n en pol\u00edticas p\u00fablicas municipales.<\/p>\n\n\n\n<p>Puntualiz\u00f3 que esta iniciativa surge ante la preocupaci\u00f3n de generar conciencia sobre la problem\u00e1tica que representa la obesidad infantil en M\u00e9xico, donde m\u00e1s de 13 millones de ni\u00f1as, ni\u00f1os y adolescentes presentan sobrepeso.<\/p>\n\n\n\n<p>Dicha campa\u00f1a fue reconocida por Regidores e integrantes del Sistema, quienes externaron su disposici\u00f3n de sumarse a la promoci\u00f3n de una vida saludable, impulsando activaciones f\u00edsicas en escuelas y comunidades.<\/p>\n\n\n\n<p>En la Sesi\u00f3n en la que estuvo presente el Secretario del Ayuntamiento, Edmundo Ranero Barrera, tambi\u00e9n se present\u00f3 la Red Municipal de Primera Infancia, de la cual Atizap\u00e1n ser\u00eda municipio piloto, adem\u00e1s de que se present\u00f3 un informe sobre el avance del proyecto Escuelas Positivas.<\/p>\n\n\n\n<p><\/p>\n","protected":false},"excerpt":{"rendered":"<p>&bull; Actualmente se lleva a cabo una campa&ntilde;a digital, animada con inteligencia artificial, para seguir&#8230;<\/p>\n","protected":false},"author":1,"featured_media":26471,"comment_status":"closed","ping_status":"closed","sticky":false,"template":"","format":"standard","meta":{"footnotes":""},"categories":[45],"tags":[],"class_list":["post-26469","post","type-post","status-publish","format-standard","has-post-thumbnail","hentry","category-atizapan-de-zaragoza"],"_links":{"self":[{"href":"https:\/\/www.notiflashmexiquense.com.mx\/index.php?rest_route=\/wp\/v2\/posts\/26469","targetHints":{"allow":["GET"]}}],"collection":[{"href":"https:\/\/www.notiflashmexiquense.com.mx\/index.php?rest_route=\/wp\/v2\/posts"}],"about":[{"href":"https:\/\/www.notiflashmexiquense.com.mx\/index.php?rest_route=\/wp\/v2\/types\/post"}],"author":[{"embeddable":true,"href":"https:\/\/www.notiflashmexiquense.com.mx\/index.php?rest_route=\/wp\/v2\/users\/1"}],"replies":[{"embeddable":true,"href":"https:\/\/www.notiflashmexiquense.com.mx\/index.php?rest_route=%2Fwp%2Fv2%2Fcomments&post=26469"}],"version-history":[{"count":1,"href":"https:\/\/www.notiflashmexiquense.com.mx\/index.php?rest_route=\/wp\/v2\/posts\/26469\/revisions"}],"predecessor-version":[{"id":26472,"href":"https:\/\/www.notiflashmexiquense.com.mx\/index.php?rest_route=\/wp\/v2\/posts\/26469\/revisions\/26472"}],"wp:featuredmedia":[{"embeddable":true,"href":"https:\/\/www.notiflashmexiquense.com.mx\/index.php?rest_route=\/wp\/v2\/media\/26471"}],"wp:attachment":[{"href":"https:\/\/www.notiflashmexiquense.com.mx\/index.php?rest_route=%2Fwp%2Fv2%2Fmedia&parent=26469"}],"wp:term":[{"taxonomy":"category","embeddable":true,"href":"https:\/\/www.notiflashmexiquense.com.mx\/index.php?rest_route=%2Fwp%2Fv2%2Fcategories&post=26469"},{"taxonomy":"post_tag","embeddable":true,"href":"https:\/\/www.notiflashmexiquense.com.mx\/index.php?rest_route=%2Fwp%2Fv2%2Ftags&post=26469"}],"curies":[{"name":"wp","href":"https:\/\/api.w.org\/{rel}","templated":true}]}}