{"id":26464,"date":"2026-04-30T18:11:00","date_gmt":"2026-04-30T18:11:00","guid":{"rendered":"https:\/\/www.notiflashmexiquense.com.mx\/?p=26464"},"modified":"2026-05-01T00:12:45","modified_gmt":"2026-05-01T00:12:45","slug":"gobierno-de-naucalpan-rescata-rehabilita-espacios-publicos-y-crea-parques-pensando-en-la-ninez-y-comunidad","status":"publish","type":"post","link":"https:\/\/www.notiflashmexiquense.com.mx\/?p=26464","title":{"rendered":"GOBIERNO DE NAUCALPAN RESCATA, REHABILITA ESPACIOS P\u00daBLICOS Y CREA PARQUES PENSANDO EN LA NI\u00d1EZ Y COMUNIDAD"},"content":{"rendered":"\n<p><\/p>\n\n\n\n<p>\u2022\u2060 \u2060En el marco del D\u00eda de la Ni\u00f1a y el Ni\u00f1o el Alcalde Isaac Montoya encabez\u00f3 uno de los festivales Sonrisas que dejan Huella en Ciudad Naucalpan en la Plaza Revoluci\u00f3n.<\/p>\n\n\n\n<p>\u2022\u2060 \u2060Se reconstruir\u00e1 el Parque Revoluci\u00f3n porque es una demanda que ha sido solicitada por muchas vecinas y vecinos para contar con m\u00e1s espacios de convivencia.<\/p>\n\n\n\n<p>Naucalpan de Ju\u00e1rez, M\u00e9x., 30 de abril de 2026.- El Gobierno Municipal lleva a cabo el rescate y rehabilitaci\u00f3n de espacios p\u00fablicos, la creaci\u00f3n de parques, zonas infantiles, pensando en la ni\u00f1ez para crear una mejor comunidad, afirm\u00f3 el alcalde Isaac Montoya M\u00e1rquez, en el marco del D\u00eda de la Ni\u00f1a y el Ni\u00f1o, al encabezar uno m\u00e1s de los festivales Sonrisas que dejan Huella en Ciudad Naucalpan, que ha llevado a las comunidades para deleite de los peque\u00f1os, como a la Plaza Revoluci\u00f3n, en San Bartolo.<\/p>\n\n\n\n<p>En este espacio lleno de diversi\u00f3n y regalos, ante unas mil sonrisas, el presidente municipal subray\u00f3 \u201ctodo planteamiento que hace este gobierno es prioritariamente pensando en ustedes, ni\u00f1as y ni\u00f1os, porque todo lo que se haga, si se piensa primero en las ni\u00f1as y los ni\u00f1os, se har\u00e1 mejor y se har\u00e1 bien, porque son a quienes m\u00e1s les debemos son con quienes m\u00e1s comprometidos estamos y estando bien ustedes, est\u00e1 bien el resto de la familia\u201d.<\/p>\n\n\n\n<p>En este contexto, destac\u00f3 que, para contar con m\u00e1s espacios de convivencia, se reconstruir\u00e1 el Parque Revoluci\u00f3n porque es \u201cuna demanda que ha sido consistentemente solicitada por muchas vecinas y vecinos, no solamente de San Bartolo, sino de todas las comunidades\u201d, tom\u00e9 la decisi\u00f3n, de rehabilitar lo que hoy es la Plaza Revoluci\u00f3n para devolver el Parque Revoluci\u00f3n que va a tener un kiosco como toda plaza p\u00fablica central. Habr\u00e1 una zona m\u00e1s arbolada con m\u00e1s \u00e1reas verdes, con m\u00e1s terreno para que los ni\u00f1os, ni\u00f1as puedan jugar. Ser\u00e1 un parque inclusivo, incluyente.<\/p>\n\n\n\n<p>En presencia de las familias reunidas en este espacio enfatiz\u00f3 \u201ctodo lo que hemos hecho y todo lo que haremos ser\u00e1 siempre en beneficio de la comunidad, no de intereses particulares, no haremos nunca nada que atente en contra de las vecinas y de los vecinos. Todo lo que se haga, todos los rescates, de espacios p\u00fablicos van a ser para entregarlos a la comunidad. Pero tampoco vamos a ser rehenes de intereses que tratan de desinformar, de mentir y de enga\u00f1ar al pueblo\u201d.<\/p>\n\n\n\n<p>Montoya M\u00e1rquez recalc\u00f3 que jam\u00e1s permitir\u00e1 privatizar los espacios de convivencia y que nunca se pondr\u00e1 del lado de los poderosos, \u201cporque nosotros venimos del pueblo, soy el primer presidente que viene de las colonias y se a quienes me debo, a quienes les voy a responder y con quienes me las seguir\u00e9 jugando que es con todas y todos ustedes as\u00ed que vamos a trabajar en estos rescates, espacios, rehabilitaciones y lo vamos a hacer en todos los aspectos\u201d.<\/p>\n\n\n\n<p>Asimismo, al igual que en comunidades como Chimalpa, Izcalli Chamapa, Valle Dorado en el Parque La Hormiga, tambi\u00e9n en la Plaza Revoluci\u00f3n se vivi\u00f3 un ambiente de j\u00fabilo y sana convivencia, para continuar con la celebraci\u00f3n del D\u00eda de la Ni\u00f1a y el Ni\u00f1o con eventos masivos con rifas de bicicletas, patines, juegos de destreza, brincolines, show de payasos, comida y muchas sorpresas, para miles de ni\u00f1as, ni\u00f1os, mam\u00e1s y pap\u00e1s, quienes pasaron una tarde m\u00e1gica, en la que el Sistema Municipal DIF se encarg\u00f3 de crear un espacio donde la alegr\u00eda contagi\u00f3 a todas y todos los que llegaron a este lugar emblem\u00e1tico de Naucalpan.<\/p>\n\n\n\n<p>\u201cQueremos darles estos regalos, esta celebraci\u00f3n para poder convivir, para poder hacer comunidad y entender que solamente a trav\u00e9s de este tipo de eventos vamos a poder contrarrestar cuestiones que son las que aquejan a nuestras comunidades\u201d dijo el alcalde.<\/p>\n\n\n\n<p>Del mismo modo, el presidente municipal, agradeci\u00f3 a la presidenta honoraria del Sistema Municipal DIF, Adriana G. Escobar por organizar una fiesta para los m\u00e1s peque\u00f1os del hogar y reconoci\u00f3 el trabajo de toda la plantilla del DIF que siempre est\u00e1 al tanto y trabaja por el bienestar de las familias naucalpenses.<\/p>\n\n\n\n<p>Con el objetivo de garantizar el derecho al juego y el bienestar emocional de la infancia, la administraci\u00f3n local despleg\u00f3 una agenda de actividades gratuitas, entre las que destacaron, atracciones mec\u00e1nicas con acceso libre a juegos para todos los menores; espect\u00e1culos en vivo con la presentaci\u00f3n estelar de la \u00abPatrulla de la Risa\u00bb, que amenizaron la jornada y la convivencia comunitaria con la distribuci\u00f3n de aperitivos y botanas para las familias presentes.<\/p>\n\n\n\n<p><\/p>\n","protected":false},"excerpt":{"rendered":"<p>&bull;&#8288; &#8288;En el marco del D&iacute;a de la Ni&ntilde;a y el Ni&ntilde;o el Alcalde Isaac&#8230;<\/p>\n","protected":false},"author":1,"featured_media":26465,"comment_status":"closed","ping_status":"closed","sticky":false,"template":"","format":"standard","meta":{"footnotes":""},"categories":[83],"tags":[],"class_list":["post-26464","post","type-post","status-publish","format-standard","has-post-thumbnail","hentry","category-naucalpan-issac-montoya-marquez"],"_links":{"self":[{"href":"https:\/\/www.notiflashmexiquense.com.mx\/index.php?rest_route=\/wp\/v2\/posts\/26464","targetHints":{"allow":["GET"]}}],"collection":[{"href":"https:\/\/www.notiflashmexiquense.com.mx\/index.php?rest_route=\/wp\/v2\/posts"}],"about":[{"href":"https:\/\/www.notiflashmexiquense.com.mx\/index.php?rest_route=\/wp\/v2\/types\/post"}],"author":[{"embeddable":true,"href":"https:\/\/www.notiflashmexiquense.com.mx\/index.php?rest_route=\/wp\/v2\/users\/1"}],"replies":[{"embeddable":true,"href":"https:\/\/www.notiflashmexiquense.com.mx\/index.php?rest_route=%2Fwp%2Fv2%2Fcomments&post=26464"}],"version-history":[{"count":1,"href":"https:\/\/www.notiflashmexiquense.com.mx\/index.php?rest_route=\/wp\/v2\/posts\/26464\/revisions"}],"predecessor-version":[{"id":26466,"href":"https:\/\/www.notiflashmexiquense.com.mx\/index.php?rest_route=\/wp\/v2\/posts\/26464\/revisions\/26466"}],"wp:featuredmedia":[{"embeddable":true,"href":"https:\/\/www.notiflashmexiquense.com.mx\/index.php?rest_route=\/wp\/v2\/media\/26465"}],"wp:attachment":[{"href":"https:\/\/www.notiflashmexiquense.com.mx\/index.php?rest_route=%2Fwp%2Fv2%2Fmedia&parent=26464"}],"wp:term":[{"taxonomy":"category","embeddable":true,"href":"https:\/\/www.notiflashmexiquense.com.mx\/index.php?rest_route=%2Fwp%2Fv2%2Fcategories&post=26464"},{"taxonomy":"post_tag","embeddable":true,"href":"https:\/\/www.notiflashmexiquense.com.mx\/index.php?rest_route=%2Fwp%2Fv2%2Ftags&post=26464"}],"curies":[{"name":"wp","href":"https:\/\/api.w.org\/{rel}","templated":true}]}}