{"id":26461,"date":"2026-04-30T16:28:00","date_gmt":"2026-04-30T16:28:00","guid":{"rendered":"https:\/\/www.notiflashmexiquense.com.mx\/?p=26461"},"modified":"2026-04-30T23:31:36","modified_gmt":"2026-04-30T23:31:36","slug":"cabildo-escucha-para-transformar-la-infancia-de-ecatepec","status":"publish","type":"post","link":"https:\/\/www.notiflashmexiquense.com.mx\/?p=26461","title":{"rendered":"Cabildo escucha para transformar la infancia de Ecatepec"},"content":{"rendered":"\n<p><\/p>\n\n\n\n<p>\uf0fc J\u00f3venes y especialistas proponen programas y acciones para la ni\u00f1ez y adolescencia<\/p>\n\n\n\n<p>Ecatepec, M\u00e9x., a 30 de abril de 2026. Con el objetivo de integrar la visi\u00f3n de ciudadan\u00eda en la agenda municipal, el Ayuntamiento celebr\u00f3 la Segunda Sesi\u00f3n de Cabildo Abierto con el tema \u201cEscuchar para transformar: la Infancia en el coraz\u00f3n de Ecatepec\u201d y en este ejercicio democr\u00e1tico realizado en el marco del D\u00eda del Ni\u00f1o, se presentaron propuestas estrat\u00e9gicas orientadas a garantizar el bienestar y desarrollo integral de las y los peque\u00f1os de este municipio.<\/p>\n\n\n\n<p>Las y los integrantes del Ayuntamiento escucharon atentos las propuestas de los j\u00f3venes: Jos\u00e9 de Jes\u00fas Rivera Nu\u00f1es, Yazm\u00edn T\u00e9llez Olvera, Atzuri Cantillo Figueroa, Fernanda Abigail Mendoza Ocampo y Alberto Delgadillo Soto, as\u00ed como de los especialistas Edith Mu\u00f1oz Jurado, directora del Sistema Municipal DIF Ecatepec; Diana Guadalupe Oropeza Mej\u00eda, encargada de despacho de Prevenci\u00f3n del Delito; Andr\u00e9s P\u00e9rez Aburto, Enrique Ariza y Beatriz Serra.<\/p>\n\n\n\n<p>Faustino de la Cruz P\u00e9rez, secretario del Ayuntamiento, quien presidi\u00f3 la Sesi\u00f3n de Cabildo Abierto, ante la ausencia justificada de la presidenta municipal Azucena Cisneros Coss, tras felicitar a las ni\u00f1as y ni\u00f1os de Ecatepec, afirm\u00f3 que \u201csin lugar a dudas, el proyecto de gobierno de cambio con honestidad tiene que ver con todos los ejes que garantizan, sobre todo, el proteger a nuestra ni\u00f1ez y adolescencia\u201d.<\/p>\n\n\n\n<p>En la sesi\u00f3n, Jos\u00e9 de Jes\u00fas Rivera Nu\u00f1es, estudiante de la carrera de Derecho en el Tecnol\u00f3gico Universitario Ecatepec propuso la creaci\u00f3n del Programa Municipal \u00abTalento que Rifa\u00bb, estrategia que busca identificar y apoyar a estudiantes destacados, pero con un enfoque responsable y sostenible: a trav\u00e9s de apoyos no econ\u00f3micos, sino dar acceso a cursos, experiencias educativas, material did\u00e1ctico de calidad y actualizado, as\u00ed como competencias entre escuelas. \u201cLa propuesta es clara: que el Gobierno Municipal sea un facilitador de oportunidades\u201d.<\/p>\n\n\n\n<p>Yazmin Tell\u00e9z Olvera, estudiante de Derecho en el Centro UAEM Ecatepec, afirm\u00f3 que \u201ccuando hablamos de espacios seguros para las infancias, muchas veces pensamos en calles seguras o en entornos libres de violencia, pero hay algo igual de importante y que a veces se nos olvida: que las ni\u00f1as y los ni\u00f1os tengan qu\u00e9 comer. Porque la verdad es esta: en Ecatepec, hay estudiantes que llegan a la escuela con hambre\u201d, motivo por el que sugiri\u00f3 la creaci\u00f3n del Programa Municipal de Comedores Escolares, para garantizar al menos una comida nutritiva al d\u00eda en las escuelas de nivel preescolar, primaria y secundaria.<\/p>\n\n\n\n<p>La directora del DIF Ecatepec, Edith Mu\u00f1oz Jurado, habl\u00f3 sobre la \u201cCrianza Positiva\u201d y dijo que en la instituci\u00f3n que representa, a trav\u00e9s de las distintas \u00e1reas de la Procuradur\u00eda de Protecci\u00f3n a Ni\u00f1as, Ni\u00f1os y Adolescentes, se crean estrategias de intervenci\u00f3n donde se dan a la tarea de brindar herramientas necesarias para fortalecer y reforzar las habilidades para la vida, mismas que deben incluirse en su educaci\u00f3n y crianza, realizando una log\u00edstica y planeaci\u00f3n para llevar a cabo diversos talleres, conversatorios y pl\u00e1ticas dirigidas a padres de familia, docentes, directivos, ni\u00f1as, ni\u00f1os y adolescentes.<\/p>\n\n\n\n<p>Diana Oropeza Mej\u00eda, encargada de despacho de Prevenci\u00f3n del Delito, de la direcci\u00f3n de Seguridad Ciudadana y Tr\u00e1nsito Municipal, inform\u00f3 que en Ecatepec se ha detectado una problem\u00e1tica en infancias y adolescencias, en relaci\u00f3n al uso de dispositivos m\u00f3viles a los que tienen acceso, que los ha llevado a ser v\u00edctimas de las \u201cLlamadas Cruzadas\u201d, por lo que propuso crear contenido l\u00fadico en redes sociales y plataformas oficiales para informar a los ni\u00f1os qu\u00e9 hacer cuando reciban una llamada en la que supuestamente sus padres est\u00e1n en peligro, adem\u00e1s de crear conciencia entre los progenitores sobre las consecuencias de facilitar tel\u00e9fonos a sus hijos a temprana edad.<\/p>\n\n\n\n<p>Por su parte, Enrique Ariza, de Redes Sociales para el Desarrollo A.C., propuso fortalecer el tejido social y fomentar la colaboraci\u00f3n entre gobierno, comunidad y sector privado para resolver problemas sociales cr\u00f3nicos con enfoque basado en evidencia y capacidad adaptativa.<\/p>\n\n\n\n<p>Mientras que las y los s\u00edndicos y regidores reconocieron a los ponentes y sus propuestas para incorporarlas a las pol\u00edticas p\u00fablicas del Gobierno de Ecatepec.<\/p>\n\n\n\n<p><\/p>\n","protected":false},"excerpt":{"rendered":"<p>&#61692; J&oacute;venes y especialistas proponen programas y acciones para la ni&ntilde;ez y adolescencia Ecatepec, M&eacute;x.,&#8230;<\/p>\n","protected":false},"author":1,"featured_media":26462,"comment_status":"closed","ping_status":"closed","sticky":false,"template":"","format":"standard","meta":{"footnotes":""},"categories":[76],"tags":[],"class_list":["post-26461","post","type-post","status-publish","format-standard","has-post-thumbnail","hentry","category-campana-2024-azucena-ecatepec"],"_links":{"self":[{"href":"https:\/\/www.notiflashmexiquense.com.mx\/index.php?rest_route=\/wp\/v2\/posts\/26461","targetHints":{"allow":["GET"]}}],"collection":[{"href":"https:\/\/www.notiflashmexiquense.com.mx\/index.php?rest_route=\/wp\/v2\/posts"}],"about":[{"href":"https:\/\/www.notiflashmexiquense.com.mx\/index.php?rest_route=\/wp\/v2\/types\/post"}],"author":[{"embeddable":true,"href":"https:\/\/www.notiflashmexiquense.com.mx\/index.php?rest_route=\/wp\/v2\/users\/1"}],"replies":[{"embeddable":true,"href":"https:\/\/www.notiflashmexiquense.com.mx\/index.php?rest_route=%2Fwp%2Fv2%2Fcomments&post=26461"}],"version-history":[{"count":1,"href":"https:\/\/www.notiflashmexiquense.com.mx\/index.php?rest_route=\/wp\/v2\/posts\/26461\/revisions"}],"predecessor-version":[{"id":26463,"href":"https:\/\/www.notiflashmexiquense.com.mx\/index.php?rest_route=\/wp\/v2\/posts\/26461\/revisions\/26463"}],"wp:featuredmedia":[{"embeddable":true,"href":"https:\/\/www.notiflashmexiquense.com.mx\/index.php?rest_route=\/wp\/v2\/media\/26462"}],"wp:attachment":[{"href":"https:\/\/www.notiflashmexiquense.com.mx\/index.php?rest_route=%2Fwp%2Fv2%2Fmedia&parent=26461"}],"wp:term":[{"taxonomy":"category","embeddable":true,"href":"https:\/\/www.notiflashmexiquense.com.mx\/index.php?rest_route=%2Fwp%2Fv2%2Fcategories&post=26461"},{"taxonomy":"post_tag","embeddable":true,"href":"https:\/\/www.notiflashmexiquense.com.mx\/index.php?rest_route=%2Fwp%2Fv2%2Ftags&post=26461"}],"curies":[{"name":"wp","href":"https:\/\/api.w.org\/{rel}","templated":true}]}}