{"id":26458,"date":"2026-04-30T16:04:00","date_gmt":"2026-04-30T16:04:00","guid":{"rendered":"https:\/\/www.notiflashmexiquense.com.mx\/?p=26458"},"modified":"2026-04-30T23:05:38","modified_gmt":"2026-04-30T23:05:38","slug":"inicia-remodelacion-integral-del-deportivo-siervo-de-la-nacion","status":"publish","type":"post","link":"https:\/\/www.notiflashmexiquense.com.mx\/?p=26458","title":{"rendered":"Inicia remodelaci\u00f3n integral del Deportivo Siervo de la Naci\u00f3n"},"content":{"rendered":"\n<p><\/p>\n\n\n\n<p>\uf0fc Azucena Cisneros arranc\u00f3 los trabajos para rescatar este lugar emblem\u00e1tico de Tulpetlac<\/p>\n\n\n\n<p>\uf0fc Estaba en completo abandono y sus espacios eran controlados por particulares<\/p>\n\n\n\n<p>Ecatepec, M\u00e9x., a 30 de abril de 2026. La alcaldesa Azucena Cisneros Coss dio el banderazo de inicio a la remodelaci\u00f3n integral del deportivo Siervo de la Naci\u00f3n, ubicado en Santa Mar\u00eda Tulpetlac, uno de los m\u00e1s importantes del municipio y que estaba en completo abandono, con instalaciones obsoletas y servicios controlados por particulares, que cobraban por su uso.<\/p>\n\n\n\n<p>\u201cEncontramos aqu\u00ed varios lugares que se usufructuaron durante muchos a\u00f1os, negando un derecho a la recreaci\u00f3n y al deporte a los vecinos de Ecatepec\u201d, expres\u00f3 Cisneros Coss.<\/p>\n\n\n\n<p>Agreg\u00f3: \u201cEste deportivo es emblem\u00e1tico. En agosto estar\u00e1 abierto al p\u00fablico, terminado, remodelado, pero lo m\u00e1s importante, cuando abra todas las actividades que se lleven a cabo aqu\u00ed, incluida la alberca, ser\u00e1n completamente gratuitas. Nunca m\u00e1s espacios p\u00fablicos usufructuados para cobrarle a la gente, nunca m\u00e1s\u201d.<\/p>\n\n\n\n<p>Trabajadores del lugar relataron que el deportivo fue creado en 1990 en lo que eran campos de futbol llaneros, donde pretend\u00edan construir una unidad habitacional y colonos se opusieron a ello. El gobierno municipal adquiri\u00f3 el predio y lo convirti\u00f3 en deportivo. Posteriormente fue nombrado Parque Bicentenario Siervo de la Naci\u00f3n y alguna vez tuvo instalaciones de primer nivel, que poco a poco se perdieron.<\/p>\n\n\n\n<p>Cisneros Coss anunci\u00f3 la transformaci\u00f3n radical del deportivo, que tendr\u00e1 cancha de basquetbol de duela y pista de tart\u00e1n para atletismo, adem\u00e1s de que rehabilitar\u00e1n el gimnasio y la alberca. Tendr\u00e1 \u00e1reas de calistenia para que los j\u00f3venes se ejerciten, juegos infantiles y ser\u00e1 remozado el gimnasio de box.<\/p>\n\n\n\n<p>Tambi\u00e9n ser\u00e1n adecuadas las canchas de futbol, basquetbol y volibol, la rehabilitaci\u00f3n de la pista de skate park, del espacio de fiestas infantiles y del \u00e1rea de comida, as\u00ed como crear\u00e1n una zona de aprendizaje vial para ni\u00f1as y ni\u00f1os y un parque canino.<\/p>\n\n\n\n<p>La mun\u00edcipe destac\u00f3 que el rescate del deportivo representa la defensa de los derechos de los ciudadanos a los servicios, a la cultura y al deporte de forma gratuita y de calidad.<\/p>\n\n\n\n<p>\u201cEstamos recuperando en lo largo y ancho del municipio muchos espacios p\u00fablicos, muchos deportivos, muchas cosas invadidas que hemos estado limpiando y que van a ser parques lineales, ya hay unos que se terminaron y otros que estamos terminando\u201d, relat\u00f3.<\/p>\n\n\n\n<p>El deportivo permanecer\u00e1 cerrado al p\u00fablico mientras se realizan los trabajos y se prev\u00e9 que est\u00e9 terminado a finales de agosto pr\u00f3ximo, cuando sea entregado a la poblaci\u00f3n de Ecatepec.<\/p>\n\n\n\n<p><\/p>\n","protected":false},"excerpt":{"rendered":"<p>&#61692; Azucena Cisneros arranc&oacute; los trabajos para rescatar este lugar emblem&aacute;tico de Tulpetlac &#61692; Estaba&#8230;<\/p>\n","protected":false},"author":1,"featured_media":26459,"comment_status":"closed","ping_status":"closed","sticky":false,"template":"","format":"standard","meta":{"footnotes":""},"categories":[76],"tags":[],"class_list":["post-26458","post","type-post","status-publish","format-standard","has-post-thumbnail","hentry","category-campana-2024-azucena-ecatepec"],"_links":{"self":[{"href":"https:\/\/www.notiflashmexiquense.com.mx\/index.php?rest_route=\/wp\/v2\/posts\/26458","targetHints":{"allow":["GET"]}}],"collection":[{"href":"https:\/\/www.notiflashmexiquense.com.mx\/index.php?rest_route=\/wp\/v2\/posts"}],"about":[{"href":"https:\/\/www.notiflashmexiquense.com.mx\/index.php?rest_route=\/wp\/v2\/types\/post"}],"author":[{"embeddable":true,"href":"https:\/\/www.notiflashmexiquense.com.mx\/index.php?rest_route=\/wp\/v2\/users\/1"}],"replies":[{"embeddable":true,"href":"https:\/\/www.notiflashmexiquense.com.mx\/index.php?rest_route=%2Fwp%2Fv2%2Fcomments&post=26458"}],"version-history":[{"count":1,"href":"https:\/\/www.notiflashmexiquense.com.mx\/index.php?rest_route=\/wp\/v2\/posts\/26458\/revisions"}],"predecessor-version":[{"id":26460,"href":"https:\/\/www.notiflashmexiquense.com.mx\/index.php?rest_route=\/wp\/v2\/posts\/26458\/revisions\/26460"}],"wp:featuredmedia":[{"embeddable":true,"href":"https:\/\/www.notiflashmexiquense.com.mx\/index.php?rest_route=\/wp\/v2\/media\/26459"}],"wp:attachment":[{"href":"https:\/\/www.notiflashmexiquense.com.mx\/index.php?rest_route=%2Fwp%2Fv2%2Fmedia&parent=26458"}],"wp:term":[{"taxonomy":"category","embeddable":true,"href":"https:\/\/www.notiflashmexiquense.com.mx\/index.php?rest_route=%2Fwp%2Fv2%2Fcategories&post=26458"},{"taxonomy":"post_tag","embeddable":true,"href":"https:\/\/www.notiflashmexiquense.com.mx\/index.php?rest_route=%2Fwp%2Fv2%2Ftags&post=26458"}],"curies":[{"name":"wp","href":"https:\/\/api.w.org\/{rel}","templated":true}]}}