{"id":26454,"date":"2026-04-30T16:46:00","date_gmt":"2026-04-30T16:46:00","guid":{"rendered":"https:\/\/www.notiflashmexiquense.com.mx\/?p=26454"},"modified":"2026-04-30T22:48:09","modified_gmt":"2026-04-30T22:48:09","slug":"gobierno-de-naucalpan-construira-un-muro-que-protegera-primaria-y-kinder-en-riesgo-en-la-colonia-emiliano-zapata","status":"publish","type":"post","link":"https:\/\/www.notiflashmexiquense.com.mx\/?p=26454","title":{"rendered":"GOBIERNO DE NAUCALPAN CONSTRUIR\u00c1 UN MURO QUE PROTEGER\u00c1 PRIMARIA Y KINDER EN RIESGO EN LA COLONIA EMILIANO ZAPATA"},"content":{"rendered":"\n<p><\/p>\n\n\n\n<p>\u2022 Se dejar\u00e1 una Huella de la Transformaci\u00f3n con obras que resolver\u00e1n de fondo el riesgo para 700 alumnos de ambas instituciones.<\/p>\n\n\n\n<p>\u2022 Tambi\u00e9n se construir\u00e1 una nueva aula para apoyar a estas escuelas a recuperar la matr\u00edcula que se perdi\u00f3 con el deslizamiento de tierra que ocasion\u00f3 en su momento el paro de clases.<\/p>\n\n\n\n<p>Naucalpan de Ju\u00e1rez, M\u00e9x., 30 de abril de 2026.- El Presidente Municipal, Isaac Montoya M\u00e1rquez durante un recorrido por la Primaria Emiliano Zapata con 50 a\u00f1os de servicio y el Jard\u00edn de Ni\u00f1as y Ni\u00f1os Emiliano Zapata, anunci\u00f3 la construcci\u00f3n de un muro que proteger\u00e1 a alrededor de 700 alumnos de ambas instituciones, de los dos turnos, luego que hace un par de a\u00f1os se suscit\u00f3 un deslizamiento de tierra y que fue ignorado por administraciones pasadas, poniendo en riesgo a las escuelas.<\/p>\n\n\n\n<p>\u201cVamos a corregir un problema que en su momento desde el municipio no se atendi\u00f3 y que hoy vamos a llegar al fondo a la soluci\u00f3n definitiva, no a un paliativo, sino a la soluci\u00f3n definitiva\u201d, enfatiz\u00f3 el Alcalde.<\/p>\n\n\n\n<p>Montoya M\u00e1rquez, ante autoridades escolares, record\u00f3 que hace un par de a\u00f1os, cuando se suscit\u00f3 el movimiento de tierra, que deriv\u00f3 en tragedia, acudi\u00f3 siendo legislador acompa\u00f1ado de la maestra Delfina G\u00f3mez \u00c1lvarez para atender el problema y ahora regresa para cumplir con la palabra de construir un muro para contener el talud que pone en riesgo a estas instituciones escolares.<\/p>\n\n\n\n<p>Subray\u00f3 \u201ces un alivio estar aqu\u00ed para poderles compartir y anunciar que, como gobierno municipal, como un gobierno sensible, un gobierno que viene de las colonias y que se asume como humanista se va a realizar una intervenci\u00f3n integral que se compone de la estabilizaci\u00f3n del talud, la construcci\u00f3n de bermas y escalones de contenci\u00f3n, la reconstrucci\u00f3n de muros y cimentaciones y el reforzamiento estructural de las escuelas\u201d.<\/p>\n\n\n\n<p>Las y los vecinos de la colonia Emiliano Zapata recuperar\u00e1n la tranquilidad, con los trabajos en estos planteles educativos que dejar\u00e1n una Huella de la Transformaci\u00f3n, se busca proteger a toda la poblaci\u00f3n estudiantil, al personal docente y salvaguardar la integridad de todas y de todos,<\/p>\n\n\n\n<p>Adem\u00e1s, se seguir\u00e1 con la coordinaci\u00f3n con el Gobierno del Estado de M\u00e9xico en la recuperaci\u00f3n de escuelas como recientemente se logr\u00f3 con la rehabilitaci\u00f3n de la Escuela Secundaria General Emiliano Zapata, afectada estructuralmente por las lluvias y la corriente del r\u00edo en a\u00f1os anteriores, se le hab\u00eda pronosticado la demolici\u00f3n y se hizo un rescate estructural, se fortaleci\u00f3 la seguridad de la comunidad escolar con obras de protecci\u00f3n del cauce, reforzamiento de la cimentaci\u00f3n y la construcci\u00f3n de muros de gavi\u00f3n.<\/p>\n\n\n\n<p>El Alcalde agradeci\u00f3 la sinergia de los gobiernos estatal y municipal, as\u00ed como la colaboraci\u00f3n de autoridades como el director regional Naucalpan del gobierno del Estado de M\u00e9xico, Juan Carlos Fajardo, la subdirectora regional de Educaci\u00f3n b\u00e1sica Naucalpan, la maestra Mar\u00eda de Los \u00c1ngeles S\u00e1nchez Torres, as\u00ed como el director de la escuela primaria Emiliano Zapata, turno matutino \u00c1ngel Garc\u00eda Nava y Juan Carlos Bobadilla Trejo, director del turno vespertino y Guadalupe Arteaga Badillo, directora del Jard\u00edn de Ni\u00f1os.<\/p>\n\n\n\n<p>Las dos instituciones educativas comparten vecindad, con s\u00f3lo caminar unos cuantos pasos se transita de la primaria al Jard\u00edn de Ni\u00f1os, por ello, y atendiendo razones humanistas, la escuela presta aulas a las y los ni\u00f1os de preescolar para tener una mayor seguridad.<\/p>\n\n\n\n<p>Ante ello, el Alcalde anunci\u00f3 que tambi\u00e9n se construir\u00e1 una nueva aula para apoyar a estas instituciones escolares para recuperar la matr\u00edcula que, debido a la situaci\u00f3n del movimiento de tierra, decidieron reubicarse en alguna otra escuela.<\/p>\n\n\n\n<p>Al recorrido asisti\u00f3 el represente de la empresa constructora, ingeniero Giovanni Garc\u00eda Tovar y la supervisora escolar de la zona J1 172, Beatriz Sobrino.<\/p>\n\n\n\n<p><\/p>\n","protected":false},"excerpt":{"rendered":"<p>&bull; Se dejar&aacute; una Huella de la Transformaci&oacute;n con obras que resolver&aacute;n de fondo el&#8230;<\/p>\n","protected":false},"author":1,"featured_media":26456,"comment_status":"closed","ping_status":"closed","sticky":false,"template":"","format":"standard","meta":{"footnotes":""},"categories":[83],"tags":[],"class_list":["post-26454","post","type-post","status-publish","format-standard","has-post-thumbnail","hentry","category-naucalpan-issac-montoya-marquez"],"_links":{"self":[{"href":"https:\/\/www.notiflashmexiquense.com.mx\/index.php?rest_route=\/wp\/v2\/posts\/26454","targetHints":{"allow":["GET"]}}],"collection":[{"href":"https:\/\/www.notiflashmexiquense.com.mx\/index.php?rest_route=\/wp\/v2\/posts"}],"about":[{"href":"https:\/\/www.notiflashmexiquense.com.mx\/index.php?rest_route=\/wp\/v2\/types\/post"}],"author":[{"embeddable":true,"href":"https:\/\/www.notiflashmexiquense.com.mx\/index.php?rest_route=\/wp\/v2\/users\/1"}],"replies":[{"embeddable":true,"href":"https:\/\/www.notiflashmexiquense.com.mx\/index.php?rest_route=%2Fwp%2Fv2%2Fcomments&post=26454"}],"version-history":[{"count":1,"href":"https:\/\/www.notiflashmexiquense.com.mx\/index.php?rest_route=\/wp\/v2\/posts\/26454\/revisions"}],"predecessor-version":[{"id":26457,"href":"https:\/\/www.notiflashmexiquense.com.mx\/index.php?rest_route=\/wp\/v2\/posts\/26454\/revisions\/26457"}],"wp:featuredmedia":[{"embeddable":true,"href":"https:\/\/www.notiflashmexiquense.com.mx\/index.php?rest_route=\/wp\/v2\/media\/26456"}],"wp:attachment":[{"href":"https:\/\/www.notiflashmexiquense.com.mx\/index.php?rest_route=%2Fwp%2Fv2%2Fmedia&parent=26454"}],"wp:term":[{"taxonomy":"category","embeddable":true,"href":"https:\/\/www.notiflashmexiquense.com.mx\/index.php?rest_route=%2Fwp%2Fv2%2Fcategories&post=26454"},{"taxonomy":"post_tag","embeddable":true,"href":"https:\/\/www.notiflashmexiquense.com.mx\/index.php?rest_route=%2Fwp%2Fv2%2Ftags&post=26454"}],"curies":[{"name":"wp","href":"https:\/\/api.w.org\/{rel}","templated":true}]}}