{"id":26450,"date":"2026-04-29T16:14:00","date_gmt":"2026-04-29T16:14:00","guid":{"rendered":"https:\/\/www.notiflashmexiquense.com.mx\/?p=26450"},"modified":"2026-04-30T04:16:18","modified_gmt":"2026-04-30T04:16:18","slug":"adolescente-responsable-de-robo-con-la-agravante-de-causar-la-muerte-de-un-elemento-de-la-ssc-de-la-ciudad-de-mexico-es-sentenciado-a-4-anos-de-internamiento","status":"publish","type":"post","link":"https:\/\/www.notiflashmexiquense.com.mx\/?p=26450","title":{"rendered":"ADOLESCENTE RESPONSABLE DE ROBO CON LA AGRAVANTE DE CAUSAR LA MUERTE DE UN ELEMENTO DE LA SSC DE LA CIUDAD DE M\u00c9XICO, ES SENTENCIADO A 4 A\u00d1OS DE INTERNAMIENTO"},"content":{"rendered":"\n<p><\/p>\n\n\n\n<p><strong>*En los hechos, el adolescente tambi\u00e9n realiz\u00f3 detonaciones de arma de fuego contra una femenina que acompa\u00f1aba a la v\u00edctima y un masculino quien se percat\u00f3 de los hechos.<\/strong><\/p>\n\n\n\n<p><strong>Chalco, Estado de M\u00e9xico, 29 de abril de 2026<\/strong>.- La&nbsp;<strong>Fiscal\u00eda General de Justicia del Estado de M\u00e9xico (FGJEM)<\/strong>&nbsp;obtuvo sentencia de&nbsp;<strong>4 a\u00f1os, 4 meses y 15 d\u00edas de internamiento<\/strong>&nbsp;para un&nbsp;<strong>adolescente de 17 a\u00f1os<\/strong>, responsable del delito de robo con la agravante de causar la muerte de quien se desempe\u00f1aba como Director de la Unidad de Protecci\u00f3n Ciudadana en Tlatelolco, en la Ciudad de M\u00e9xico.<\/p>\n\n\n\n<p>&nbsp;&nbsp;&nbsp;&nbsp;&nbsp;&nbsp;&nbsp;&nbsp;&nbsp;&nbsp;&nbsp; De acuerdo con los hechos, el pasado 30 de septiembre de 2025, el elemento de la SSC, quien no se encontraba en funciones, as\u00ed como una femenina, viajaban a bordo de una motocicleta marca Bajaj y al estar en la calle Prolongaci\u00f3n 20 de noviembre, de la colonia San Miguel Jacalones, en el municipio de Chalco, fueron interceptados por el adolescente y un adulto, quienes tambi\u00e9n tripulaban una motocicleta.<\/p>\n\n\n\n<p>&nbsp;&nbsp;&nbsp;&nbsp;&nbsp;&nbsp;&nbsp;&nbsp;&nbsp;&nbsp;&nbsp; El ahora sentenciado amenaz\u00f3 con un arma de fuego a las v\u00edctimas para que le entregaran su veh\u00edculo y posteriormente les dispar\u00f3. Cabe mencionar que un masculino que pasaba por el lugar se percat\u00f3 de los hechos, por lo que el adolescente de igual forma deton\u00f3 el arma de fuego en su contra, sin embargo, esta persona se resguard\u00f3 en un inmueble.<\/p>\n\n\n\n<p>&nbsp;&nbsp;&nbsp;&nbsp;&nbsp;&nbsp;&nbsp;&nbsp;&nbsp;&nbsp;&nbsp; Derivado de la agresi\u00f3n, el elemento de la SSC de la CDMX perdi\u00f3 la vida en el lugar, en tanto que la femenina que lo acompa\u00f1aba fue trasladada a un hospital de la zona donde recibi\u00f3 atenci\u00f3n m\u00e9dica.<\/p>\n\n\n\n<p>&nbsp;&nbsp;&nbsp;&nbsp;&nbsp;&nbsp;&nbsp;&nbsp;&nbsp;&nbsp;&nbsp; El menor de edad fue detenido por estos hechos y presentado ante el Agente del Ministerio P\u00fablico correspondiente quien inici\u00f3 una indagatoria. Despu\u00e9s fue trasladado al Centro de Internamiento para Adolescentes Quinta del Bosque en Zinacantepec, donde qued\u00f3 a disposici\u00f3n de un Juez Especializado, quien luego de revisar las pruebas aportadas por el Representante Social y tras proceso legal, le dict\u00f3 esta medida de internamiento.<\/p>\n\n\n\n<p>&nbsp;&nbsp;&nbsp;&nbsp;&nbsp;&nbsp;&nbsp;&nbsp;&nbsp;&nbsp;&nbsp; Adem\u00e1s, deber\u00e1 pagar la cantidad de&nbsp;<strong>254 mil 565 pesos<\/strong>&nbsp;como reparaci\u00f3n del da\u00f1o material y&nbsp;<strong>84 mil 855 pesos<\/strong>&nbsp;como reparaci\u00f3n del da\u00f1o moral.<\/p>\n\n\n\n<p>La&nbsp;<strong>Fiscal\u00eda General de Justicia del Estado de M\u00e9xico<\/strong>&nbsp;pone a disposici\u00f3n de la ciudadan\u00eda el correo electr\u00f3nico&nbsp;<a rel=\"noreferrer noopener\" target=\"_blank\" href=\"mailto:cerotolerancia@fiscaliaedomex.gob.mx\">cerotolerancia@fiscaliaedomex.gob.mx<\/a>, el n\u00famero telef\u00f3nico 800 7028770, o bien, la aplicaci\u00f3n FGJEdomex, la cual est\u00e1 disponible de manera gratuita para los tel\u00e9fonos inteligentes de los sistemas iOS y Android, para que denuncie cualquier hecho delictivo.<strong>oo0oo<\/strong><\/p>\n\n\n\n<p><\/p>\n","protected":false},"excerpt":{"rendered":"<p>*En los hechos, el adolescente tambi&eacute;n realiz&oacute; detonaciones de arma de fuego contra una femenina&#8230;<\/p>\n","protected":false},"author":1,"featured_media":26451,"comment_status":"closed","ping_status":"closed","sticky":false,"template":"","format":"standard","meta":{"footnotes":""},"categories":[73],"tags":[],"class_list":["post-26450","post","type-post","status-publish","format-standard","has-post-thumbnail","hentry","category-fgjem"],"_links":{"self":[{"href":"https:\/\/www.notiflashmexiquense.com.mx\/index.php?rest_route=\/wp\/v2\/posts\/26450","targetHints":{"allow":["GET"]}}],"collection":[{"href":"https:\/\/www.notiflashmexiquense.com.mx\/index.php?rest_route=\/wp\/v2\/posts"}],"about":[{"href":"https:\/\/www.notiflashmexiquense.com.mx\/index.php?rest_route=\/wp\/v2\/types\/post"}],"author":[{"embeddable":true,"href":"https:\/\/www.notiflashmexiquense.com.mx\/index.php?rest_route=\/wp\/v2\/users\/1"}],"replies":[{"embeddable":true,"href":"https:\/\/www.notiflashmexiquense.com.mx\/index.php?rest_route=%2Fwp%2Fv2%2Fcomments&post=26450"}],"version-history":[{"count":1,"href":"https:\/\/www.notiflashmexiquense.com.mx\/index.php?rest_route=\/wp\/v2\/posts\/26450\/revisions"}],"predecessor-version":[{"id":26452,"href":"https:\/\/www.notiflashmexiquense.com.mx\/index.php?rest_route=\/wp\/v2\/posts\/26450\/revisions\/26452"}],"wp:featuredmedia":[{"embeddable":true,"href":"https:\/\/www.notiflashmexiquense.com.mx\/index.php?rest_route=\/wp\/v2\/media\/26451"}],"wp:attachment":[{"href":"https:\/\/www.notiflashmexiquense.com.mx\/index.php?rest_route=%2Fwp%2Fv2%2Fmedia&parent=26450"}],"wp:term":[{"taxonomy":"category","embeddable":true,"href":"https:\/\/www.notiflashmexiquense.com.mx\/index.php?rest_route=%2Fwp%2Fv2%2Fcategories&post=26450"},{"taxonomy":"post_tag","embeddable":true,"href":"https:\/\/www.notiflashmexiquense.com.mx\/index.php?rest_route=%2Fwp%2Fv2%2Ftags&post=26450"}],"curies":[{"name":"wp","href":"https:\/\/api.w.org\/{rel}","templated":true}]}}