{"id":26433,"date":"2026-04-29T11:40:00","date_gmt":"2026-04-29T11:40:00","guid":{"rendered":"https:\/\/www.notiflashmexiquense.com.mx\/?p=26433"},"modified":"2026-04-29T21:14:46","modified_gmt":"2026-04-29T21:14:46","slug":"el-gobierno-de-naucalpan-informa-sobre-la-creacion-del-parque-en-rio-hondo-denominado-fabrica-de-suenos","status":"publish","type":"post","link":"https:\/\/www.notiflashmexiquense.com.mx\/?p=26433","title":{"rendered":"El gobierno de Naucalpan informa sobre la creaci\u00f3n del parque en R\u00edo Hondo denominado \u00abF\u00e1brica de Sue\u00f1os\u00bb"},"content":{"rendered":"\n<p><\/p>\n\n\n\n<p>El Gobierno de Naucalpan informa que el proyecto de recuperaci\u00f3n del espacio p\u00fablico en R\u00edo Hondo, denominado F\u00e1brica de Sue\u00f1os, tiene como objetivo mejorar la zona mediante la creaci\u00f3n y rehabilitaci\u00f3n de espacios para la convivencia comunitaria, el deporte, la cultura y el esparcimiento, en beneficio de ni\u00f1as, ni\u00f1os, j\u00f3venes y familias.<\/p>\n\n\n\n<p>Se trata de una intervenci\u00f3n integral que contempla \u00e1reas deportivas, espacios de convivencia familiar, zonas recreativas y mejoras en iluminaci\u00f3n, orden y condiciones generales del entorno, con el prop\u00f3sito de fortalecer el tejido social y generar un entorno m\u00e1s seguro y accesible.<\/p>\n\n\n\n<p>Es fundamental precisar que bajo ning\u00fan motivo se realizar\u00e1 desarrollo inmobiliario en este predio. Este proyecto corresponde exclusivamente a la creaci\u00f3n de un parque p\u00fablico.<\/p>\n\n\n\n<p>Asimismo, es importante se\u00f1alar que, aunque este espacio ha sido utilizado por la comunidad, legalmente no estaba constituido como un espacio p\u00fablico. A partir de las acciones emprendidas por el Gobierno Municipal y del cumplimiento de obligaciones por parte de la empresa responsable, este predio ser\u00e1 recuperado para su destino como espacio p\u00fablico en beneficio de la comunidad.<\/p>\n\n\n\n<p>Las autorizaciones de desarrollos inmobiliarios existentes en la zona fueron otorgadas en administraciones anteriores. Esta administraci\u00f3n no ha autorizado absolutamente ning\u00fan permiso para este tipo de construcciones y, en particular, este predio no ser\u00e1 destinado a ning\u00fan tipo de desarrollo inmobiliario.<\/p>\n\n\n\n<p>En este contexto, los hechos registrados el d\u00eda de ayer en la zona de R\u00edo Hondo derivaron en la detecci\u00f3n de la presencia de grupos de choque, cuyos enfrentamientos generaron actos de violencia.<\/p>\n\n\n\n<p>Se condena de manera firme la actuaci\u00f3n de estos grupos, que buscan provocar confrontaciones y alterar el orden p\u00fablico, poniendo en riesgo la integridad de las personas.<\/p>\n\n\n\n<p>Ante esta situaci\u00f3n, los elementos de la Guardia Municipal actuaron con el objetivo de salvaguardar la integridad de la ciudadan\u00eda y disuadir el conflicto, evitando que la confrontaci\u00f3n escalara a mayores consecuencias.<\/p>\n\n\n\n<p>Respecto a las im\u00e1genes y videos que circulan, se ha instruido la revisi\u00f3n puntual del proceder de los elementos que intervinieron. Cualquier actuaci\u00f3n que no se apegue a los protocolos institucionales y al respeto de los derechos humanos ser\u00e1 sancionada conforme a la normatividad vigente.<\/p>\n\n\n\n<p>El Gobierno Municipal reitera su compromiso con la recuperaci\u00f3n de los espacios p\u00fablicos, la paz social y el bienestar de la comunidad, privilegiando el di\u00e1logo, el orden y el respeto como principios de gobierno.<\/p>\n\n\n\n<p><\/p>\n","protected":false},"excerpt":{"rendered":"<p>El Gobierno de Naucalpan informa que el proyecto de recuperaci&oacute;n del espacio p&uacute;blico en R&iacute;o&#8230;<\/p>\n","protected":false},"author":1,"featured_media":26434,"comment_status":"closed","ping_status":"closed","sticky":false,"template":"","format":"standard","meta":{"footnotes":""},"categories":[83],"tags":[],"class_list":["post-26433","post","type-post","status-publish","format-standard","has-post-thumbnail","hentry","category-naucalpan-issac-montoya-marquez"],"_links":{"self":[{"href":"https:\/\/www.notiflashmexiquense.com.mx\/index.php?rest_route=\/wp\/v2\/posts\/26433","targetHints":{"allow":["GET"]}}],"collection":[{"href":"https:\/\/www.notiflashmexiquense.com.mx\/index.php?rest_route=\/wp\/v2\/posts"}],"about":[{"href":"https:\/\/www.notiflashmexiquense.com.mx\/index.php?rest_route=\/wp\/v2\/types\/post"}],"author":[{"embeddable":true,"href":"https:\/\/www.notiflashmexiquense.com.mx\/index.php?rest_route=\/wp\/v2\/users\/1"}],"replies":[{"embeddable":true,"href":"https:\/\/www.notiflashmexiquense.com.mx\/index.php?rest_route=%2Fwp%2Fv2%2Fcomments&post=26433"}],"version-history":[{"count":1,"href":"https:\/\/www.notiflashmexiquense.com.mx\/index.php?rest_route=\/wp\/v2\/posts\/26433\/revisions"}],"predecessor-version":[{"id":26435,"href":"https:\/\/www.notiflashmexiquense.com.mx\/index.php?rest_route=\/wp\/v2\/posts\/26433\/revisions\/26435"}],"wp:featuredmedia":[{"embeddable":true,"href":"https:\/\/www.notiflashmexiquense.com.mx\/index.php?rest_route=\/wp\/v2\/media\/26434"}],"wp:attachment":[{"href":"https:\/\/www.notiflashmexiquense.com.mx\/index.php?rest_route=%2Fwp%2Fv2%2Fmedia&parent=26433"}],"wp:term":[{"taxonomy":"category","embeddable":true,"href":"https:\/\/www.notiflashmexiquense.com.mx\/index.php?rest_route=%2Fwp%2Fv2%2Fcategories&post=26433"},{"taxonomy":"post_tag","embeddable":true,"href":"https:\/\/www.notiflashmexiquense.com.mx\/index.php?rest_route=%2Fwp%2Fv2%2Ftags&post=26433"}],"curies":[{"name":"wp","href":"https:\/\/api.w.org\/{rel}","templated":true}]}}