{"id":26429,"date":"2026-05-01T14:05:00","date_gmt":"2026-05-01T14:05:00","guid":{"rendered":"https:\/\/www.notiflashmexiquense.com.mx\/?p=26429"},"modified":"2026-05-02T05:47:27","modified_gmt":"2026-05-02T05:47:27","slug":"alcalde-isaac-montoya-rescata-la-oda-de-hierro-icono-historico-de-naucalpan","status":"publish","type":"post","link":"https:\/\/www.notiflashmexiquense.com.mx\/?p=26429","title":{"rendered":"ALCALDE ISAAC MONTOYA RESCATA LA ODA DE HIERRO, ICONO HIST\u00d3RICO DE NAUCALPAN"},"content":{"rendered":"\n<p><\/p>\n\n\n\n<p>\u2022 Se busca recuperar la identidad, lo que hace sentir orgullosos a las y los naucalpenses con Huellas de la Transformaci\u00f3n que quedar\u00e1n para la posteridad.<\/p>\n\n\n\n<p>\u2022 Este espacio ahora cuenta con una plaza p\u00fablica la Oda a la Industria para favorecer la convivencia de las y los vecinos, y regenerar el tejido social.<\/p>\n\n\n\n<p>Naucalpan de Ju\u00e1rez, M\u00e9x., 01 de mayo de 2026.- En el marco del D\u00eda del Trabajo, el Presidente Municipal, Isaac Montoya M\u00e1rquez reinaugur\u00f3 la Oda de Hierro, escultura que fue elevada 7 metros de su nivel, lo que represent\u00f3 un reto de ingenier\u00eda y su estructura est\u00e1 conformada por 8 columnas que representan a la clase trabajadora, espacio con \u00e1rea funcional y adem\u00e1s se ilumin\u00f3 para que pueda apreciarse en todo su esplendor por las noches.<\/p>\n\n\n\n<p>Acompa\u00f1ado del Secretario General del Suteym, Secci\u00f3n Naucalpan, Tom\u00e1s Palomares Parra, la Presidenta Honoraria del DIF Municipal y diversos directores de la administraci\u00f3n municipal, el Alcalde destac\u00f3 que su gobierno busca recuperar la identidad, lo que hace sentir orgullosos a las y los naucalpenses con Huellas de la Transformaci\u00f3n que quedar\u00e1n para la posteridad.<\/p>\n\n\n\n<p>\u201cHoy nos encontramos especialmente entusiasmados de un sue\u00f1o que se vuelve una realidad, una realidad que se vuelve un legado, que habremos de dejar para las y los naucalpenses. La Oda de Hierro, representa la pujanza de la zona industrial de Naucalpan, que hay que decirlo, a pesar de los pesares, Naucalpan se preserva como el municipio que mayor aporta a la econom\u00eda del Estado de M\u00e9xico y de los que mayor aportaci\u00f3n tiene a nivel nacional, estamos aumentando el PIB, estamos en 17%, estamos aumentando 1% m\u00e1s la aportaci\u00f3n que le estamos haciendo al Estado de M\u00e9xico\u201d, destac\u00f3.<\/p>\n\n\n\n<p>La escultura, creada por Eduardo Xochitiotzin en el a\u00f1o de 1967, tras los trabajos de rescate del espacio, ahora cuenta con una plaza p\u00fablica la Oda a la Industria, en la que las y los vecinos pueden sentarse en bancas apropiadas para pasar ratos de esparcimiento.<\/p>\n\n\n\n<p>Al igual que lo hizo con Las Torres de Sat\u00e9lite, conjunto escult\u00f3rico al que tambi\u00e9n devolvi\u00f3 su esplendor, la escultura industrial tambi\u00e9n cuenta con iluminaci\u00f3n nocturna para apreciar su esplendor y belleza est\u00e9tica en todo momento del d\u00eda.<\/p>\n\n\n\n<p>Ante cientos de asistentes y representantes de diversos sectores, Montoya M\u00e1rquez dijo que la Oda de Hierro representa la fuerza de las y los trabajadores de la industria de la transformaci\u00f3n, esta mezcla de prop\u00f3sitos en beneficio de las comunidades y que marc\u00f3 el crecimiento en el siglo XX, no solo de Naucalpan y de todo el pa\u00eds.<\/p>\n\n\n\n<p>Apunt\u00f3 \u201cse convirti\u00f3 en icono urbano, en una referencia innegable para todas y todos los vecinos asociado a generaciones de trabajadores que pasaron por estas f\u00e1bricas, por estos centros de trabajo\u201d, durante a\u00f1os se deterior\u00f3, se fueron perdiendo piezas y su presencia se fue borrando. Por ello, se decidi\u00f3 rescatar este espacio porque, es un icono, pero tambi\u00e9n el rescate del lugar, darle limpieza y que quede bien, para que quede a la vista de todas y de todos y que el progreso no se olvide de quienes en su momento lo hicieron posible.<\/p>\n\n\n\n<p>Como un atractivo m\u00e1s del lugar que rodea a la escultura, se rescat\u00f3 la famosa Calabaza de princesas y cuentos de hadas que por muchos a\u00f1os se encontraba en la calle Ramos Mill\u00e1n, tambi\u00e9n conocida como la calle de Las Marimbas. La Calabaza tambi\u00e9n se coloc\u00f3 en la plaza de la Oda de Hierro para quienes quieran tomarse una foto del recuerdo o tambi\u00e9n recordar a quienes disfrutaron de ella hace algunas d\u00e9cadas.<\/p>\n\n\n\n<p>La nueva posici\u00f3n del tambi\u00e9n conocido como Mono de Fierro, represent\u00f3 un reto de ingenier\u00eda al elevarlo 7 metros de su nivel. El proyecto tom\u00f3 sus adecuaciones por el r\u00edo Totolinga que pasa por debajo del monumento. Su estructura est\u00e1 conformada por 8 columnas que representan a la clase trabajadora, dentro de este monumento se contempla un espacio de salones de usos m\u00faltiples, \u00e1rea funcional que conlleva un \u00e1rea de recepci\u00f3n y salones, para complementar, se construy\u00f3 una plaza p\u00fablica para favorecer la convivencia y tejido social.<\/p>\n\n\n\n<p>Cuenta con jardines, bancas, mesas y la Calabaza, que por a\u00f1os represent\u00f3 uno de los oficios importantes en este municipio. M\u00e1s de 200 trabajadores de la Direcci\u00f3n de Servicios P\u00fablicos colaboraron para la culminaci\u00f3n del proyecto.<\/p>\n\n\n\n<p>Las labores realizadas en Naucalpan Centro, en la zona industrial, incluyeron la construcci\u00f3n de la estructura donde se encontraba la oda, as\u00ed como el mejoramiento integral de su entorno, instalaci\u00f3n de 100 luminarias y 59 brazos, bacheo con 104 toneladas de mezcla asf\u00e1ltica y 150 costales de asfalto en fr\u00edo. La pinta de muro, ballenas, columnas, estructuras met\u00e1licas, piso, pasos peatonales, topes, balizamiento y guarnici\u00f3n. Colocaci\u00f3n de diez bolardos, defensa met\u00e1lica, tres mesas, dos botes de basura y dos bancas. Sobre todo, limpieza en general arrojando la recolecci\u00f3n de m\u00e1s de 8 toneladas de residuos.<\/p>\n","protected":false},"excerpt":{"rendered":"<p>&bull; Se busca recuperar la identidad, lo que hace sentir orgullosos a las y los&#8230;<\/p>\n","protected":false},"author":1,"featured_media":26486,"comment_status":"closed","ping_status":"closed","sticky":false,"template":"","format":"standard","meta":{"footnotes":""},"categories":[83],"tags":[],"class_list":["post-26429","post","type-post","status-publish","format-standard","has-post-thumbnail","hentry","category-naucalpan-issac-montoya-marquez"],"_links":{"self":[{"href":"https:\/\/www.notiflashmexiquense.com.mx\/index.php?rest_route=\/wp\/v2\/posts\/26429","targetHints":{"allow":["GET"]}}],"collection":[{"href":"https:\/\/www.notiflashmexiquense.com.mx\/index.php?rest_route=\/wp\/v2\/posts"}],"about":[{"href":"https:\/\/www.notiflashmexiquense.com.mx\/index.php?rest_route=\/wp\/v2\/types\/post"}],"author":[{"embeddable":true,"href":"https:\/\/www.notiflashmexiquense.com.mx\/index.php?rest_route=\/wp\/v2\/users\/1"}],"replies":[{"embeddable":true,"href":"https:\/\/www.notiflashmexiquense.com.mx\/index.php?rest_route=%2Fwp%2Fv2%2Fcomments&post=26429"}],"version-history":[{"count":1,"href":"https:\/\/www.notiflashmexiquense.com.mx\/index.php?rest_route=\/wp\/v2\/posts\/26429\/revisions"}],"predecessor-version":[{"id":26487,"href":"https:\/\/www.notiflashmexiquense.com.mx\/index.php?rest_route=\/wp\/v2\/posts\/26429\/revisions\/26487"}],"wp:featuredmedia":[{"embeddable":true,"href":"https:\/\/www.notiflashmexiquense.com.mx\/index.php?rest_route=\/wp\/v2\/media\/26486"}],"wp:attachment":[{"href":"https:\/\/www.notiflashmexiquense.com.mx\/index.php?rest_route=%2Fwp%2Fv2%2Fmedia&parent=26429"}],"wp:term":[{"taxonomy":"category","embeddable":true,"href":"https:\/\/www.notiflashmexiquense.com.mx\/index.php?rest_route=%2Fwp%2Fv2%2Fcategories&post=26429"},{"taxonomy":"post_tag","embeddable":true,"href":"https:\/\/www.notiflashmexiquense.com.mx\/index.php?rest_route=%2Fwp%2Fv2%2Ftags&post=26429"}],"curies":[{"name":"wp","href":"https:\/\/api.w.org\/{rel}","templated":true}]}}