{"id":26426,"date":"2026-04-28T20:38:00","date_gmt":"2026-04-28T20:38:00","guid":{"rendered":"https:\/\/www.notiflashmexiquense.com.mx\/?p=26426"},"modified":"2026-04-29T03:39:56","modified_gmt":"2026-04-29T03:39:56","slug":"fiscalia-edomex-cumplimenta-orden-de-aprehension-en-contra-de-comisario-de-seguridad-publica-de-jilotzingo-por-su-probable-participacion-en-el-delito-de-secuestro-expres","status":"publish","type":"post","link":"https:\/\/www.notiflashmexiquense.com.mx\/?p=26426","title":{"rendered":"FISCAL\u00cdA EDOM\u00c9X CUMPLIMENTA ORDEN DE APREHENSI\u00d3N EN CONTRA DE COMISARIO DE SEGURIDAD P\u00daBLICA DE JILOTZINGO POR SU PROBABLE PARTICIPACI\u00d3N EN EL DELITO DE SECUESTRO EXPR\u00c9S"},"content":{"rendered":"\n<p><\/p>\n\n\n\n<p><p align=\"center\" class=\"yiv9557153213MsoNormal\" style=\"overflow-wrap: break-word; color: rgb(0, 0, 0); font-size: 12pt; font-style: normal; font-variant-ligatures: normal; font-variant-caps: normal; font-weight: 400; letter-spacing: normal; orphans: 2; text-indent: 0px; text-transform: none; widows: 2; word-spacing: 0px; -webkit-text-stroke-width: 0px; white-space: normal; text-decoration-thickness: initial; text-decoration-style: initial; text-decoration-color: initial; text-align: center; line-height: 18.4px; margin: 0cm; font-family: Aptos, sans-serif;\"><b style=\"overflow-wrap: break-word;\"><span lang=\"ES-TRAD\" style=\"overflow-wrap: break-word; font-size: 11pt; line-height: 16.8667px; font-family: &quot;Sans sans-serif&quot;;\">*Por estos mismos hechos, tambi\u00e9n fue cumplimentado mandato judicial contra cinco elementos de la Polic\u00eda Municipal de Jilotzingo<\/span><\/b><span lang=\"ES-TRAD\" style=\"overflow-wrap: break-word; font-size: 11pt; line-height: 16.8667px; font-family: &quot;Sans sans-serif&quot;;\">.<br><\/span><b style=\"overflow-wrap: break-word;\"><i style=\"overflow-wrap: break-word;\"><span lang=\"ES\" style=\"overflow-wrap: break-word; font-size: 13pt; line-height: 19.9333px; font-family: &quot;Sans sans-serif&quot;;\"><\/span><\/i><span lang=\"ES-TRAD\" style=\"overflow-wrap: break-word; font-size: 11pt; line-height: 16.8667px; font-family: &quot;Sans sans-serif&quot;;\">Jilotzingo, Estado de M\u00e9xico, 28 de abril de 2026<\/span><\/b><span lang=\"ES-TRAD\" style=\"overflow-wrap: break-word; font-size: 11pt; line-height: 16.8667px; font-family: &quot;Sans sans-serif&quot;;\">.- Agentes de la<span>\u00a0<\/span><\/span><b style=\"overflow-wrap: break-word;\"><span lang=\"ES-TRAD\" style=\"overflow-wrap: break-word; font-size: 11pt; line-height: 16.8667px; font-family: &quot;Sans sans-serif&quot;;\">Fiscal\u00eda General de Justicia del Estado de M\u00e9xico (FGJEM)<\/span><\/b><span lang=\"ES-TRAD\" style=\"overflow-wrap: break-word; font-size: 11pt; line-height: 16.8667px; font-family: &quot;Sans sans-serif&quot;;\"><span>\u00a0<\/span>cumplimentaron orden de aprehensi\u00f3n en contra de<span>\u00a0<\/span><\/span><b style=\"overflow-wrap: break-word;\"><span lang=\"ES-TRAD\" style=\"overflow-wrap: break-word; font-size: 11pt; line-height: 16.8667px; font-family: &quot;Sans sans-serif&quot;;\">V\u00edctor Mart\u00edn \u201cN\u201d<\/span><\/b><span lang=\"ES-TRAD\" style=\"overflow-wrap: break-word; font-size: 11pt; line-height: 16.8667px; font-family: &quot;Sans sans-serif&quot;;\">, quien se desempe\u00f1aba como Comisario de Seguridad P\u00fablica del municipio de Jilotzingo, as\u00ed como en contra de cinco elementos municipales de dicha corporaci\u00f3n, por su probable intervenci\u00f3n en el delito de<span>\u00a0<\/span><\/span><b style=\"overflow-wrap: break-word;\"><span lang=\"ES-TRAD\" style=\"overflow-wrap: break-word; font-size: 11pt; line-height: 16.8667px; font-family: &quot;Sans sans-serif&quot;;\">secuestro expr\u00e9s con fines de robo<\/span><\/b><span lang=\"ES-TRAD\" style=\"overflow-wrap: break-word; font-size: 11pt; line-height: 16.8667px; font-family: &quot;Sans sans-serif&quot;;\">.\u00a0De acuerdo con la investigaci\u00f3n iniciada por esta<span>\u00a0<\/span><\/span><b style=\"overflow-wrap: break-word;\"><span lang=\"ES-TRAD\" style=\"overflow-wrap: break-word; font-size: 11pt; line-height: 16.8667px; font-family: &quot;Sans sans-serif&quot;;\">Fiscal\u00eda<\/span><\/b><span lang=\"ES-TRAD\" style=\"overflow-wrap: break-word; font-size: 11pt; line-height: 16.8667px; font-family: &quot;Sans sans-serif&quot;;\">, el 7 de marzo de 2026, las v\u00edctimas viajaban a bordo de un veh\u00edculo de carga y al circular a la altura de la colonia Miguel Tecpan, en Jilotzingo, fueron interceptados por los tripulantes de un veh\u00edculo oficial de la Direcci\u00f3n de Seguridad P\u00fablica de esa demarcaci\u00f3n, de la cual descendi\u00f3<span>\u00a0<\/span><\/span><b style=\"overflow-wrap: break-word;\"><span lang=\"ES-TRAD\" style=\"overflow-wrap: break-word; font-size: 11pt; line-height: 16.8667px; font-family: &quot;Sans sans-serif&quot;;\">V\u00edctor Mart\u00edn \u201cN\u201d<\/span><\/b><span lang=\"ES-TRAD\" style=\"overflow-wrap: break-word; font-size: 11pt; line-height: 16.8667px; font-family: &quot;Sans sans-serif&quot;;\">, acompa\u00f1ado de dos elementos policiacos, quienes cuestionaron a las v\u00edctimas sobre la mercanc\u00eda que transportaban.\u00a0Los investigados les refirieron a las v\u00edctimas que \u201chab\u00edan cometido una infracci\u00f3n\u201d por lo que ser\u00edan remitidos al Ministerio P\u00fablico, posteriormente las amagaron con arma de fuego y presumiblemente les exigieron una cantidad de dinero, as\u00ed como parte de la mercanc\u00eda que transportaban, adem\u00e1s las obligaron a subir a la patrulla y las abandonaron metros adelante.\u00a0Cabe mencionar que<span>\u00a0<\/span><\/span><b style=\"overflow-wrap: break-word;\"><span lang=\"ES-TRAD\" style=\"overflow-wrap: break-word; font-size: 11pt; line-height: 16.8667px; font-family: &quot;Sans sans-serif&quot;;\">V\u00edctor Mart\u00edn \u201cN\u201d<\/span><\/b><span lang=\"ES-TRAD\" style=\"overflow-wrap: break-word; font-size: 11pt; line-height: 16.8667px; font-family: &quot;Sans sans-serif&quot;;\">, as\u00ed como nueve personas m\u00e1s -cinco polic\u00edas y cuatro civiles- fueron detenidos en flagrancia el pasado 21 de abril por elementos de la Secretar\u00eda de Seguridad estatal (SSEM) y de seguridad P\u00fablica del municipio de Tlalnepantla, al momento en que atend\u00edan una alerta por el reporte de robo de un cami\u00f3n que transportaba llantas.\u00a0Los nueve masculinos fueron puestos a disposici\u00f3n del Ministerio P\u00fablico por el delito de<span>\u00a0<\/span><\/span><b style=\"overflow-wrap: break-word;\"><span lang=\"ES-TRAD\" style=\"overflow-wrap: break-word; font-size: 11pt; line-height: 16.8667px; font-family: &quot;Sans sans-serif&quot;;\">encubrimiento por receptaci\u00f3n<\/span><\/b><span lang=\"ES-TRAD\" style=\"overflow-wrap: break-word; font-size: 11pt; line-height: 16.8667px; font-family: &quot;Sans sans-serif&quot;;\"><span>\u00a0<\/span>y<span>\u00a0<\/span><\/span><b style=\"overflow-wrap: break-word;\"><span lang=\"ES-TRAD\" style=\"overflow-wrap: break-word; font-size: 11pt; line-height: 16.8667px; font-family: &quot;Sans sans-serif&quot;;\">V\u00edctor Mart\u00edn \u201cN\u201d, por cohecho<\/span><\/b><span lang=\"ES-TRAD\" style=\"overflow-wrap: break-word; font-size: 11pt; line-height: 16.8667px; font-family: &quot;Sans sans-serif&quot;;\">, ya que habr\u00eda ofrecido dinero a los elementos de la SSEM y municipales de Tlalnepantla para que no presentaran a sus c\u00f3mplices ante el Ministerio P\u00fablico.\u00a0Por el il\u00edcito de<span>\u00a0<\/span><\/span><b style=\"overflow-wrap: break-word;\"><span lang=\"ES-TRAD\" style=\"overflow-wrap: break-word; font-size: 11pt; line-height: 16.8667px; font-family: &quot;Sans sans-serif&quot;;\">cohecho, V\u00edctor Mart\u00edn \u201cN\u201d<\/span><\/b><span lang=\"ES-TRAD\" style=\"overflow-wrap: break-word; font-size: 11pt; line-height: 16.8667px; font-family: &quot;Sans sans-serif&quot;;\"><span>\u00a0<\/span>fue ingresado al Centro Penitenciario y de Reinserci\u00f3n Social de Tlalnepantla, por ello el mandamiento judicial de secuestro expr\u00e9s le fue cumplimentado en reclusi\u00f3n.\u00a0El probable implicado, as\u00ed como<span>\u00a0<\/span><\/span><b style=\"overflow-wrap: break-word;\"><span lang=\"ES-TRAD\" style=\"overflow-wrap: break-word; font-size: 11pt; line-height: 16.8667px; font-family: &quot;Sans sans-serif&quot;;\">Rogelio \u201cN\u201d, Francisco Javier \u201cN\u201d, Jonathan Yael \u201cN\u201d, Abel \u201cN\u201d y Juan Francisco \u201cN\u201d<\/span><\/b><span lang=\"ES-TRAD\" style=\"overflow-wrap: break-word; font-size: 11pt; line-height: 16.8667px; font-family: &quot;Sans sans-serif&quot;;\">, elementos municipales de Jilotzingo, quedaron a disposici\u00f3n de un Juez, quien habr\u00e1 de determinar su situaci\u00f3n jur\u00eddica.\u00a0Los detenidos deber\u00e1n ser considerados inocentes hasta que un Juez determine lo contrario a trav\u00e9s de una sentencia condenatoria.\u00a0La<span>\u00a0<\/span><\/span><b style=\"overflow-wrap: break-word;\"><span lang=\"ES-TRAD\" style=\"overflow-wrap: break-word; font-size: 11pt; line-height: 16.8667px; font-family: &quot;Sans sans-serif&quot;;\">Fiscal\u00eda General de Justicia<\/span><\/b><span lang=\"ES-TRAD\" style=\"overflow-wrap: break-word; font-size: 11pt; line-height: 16.8667px; font-family: &quot;Sans sans-serif&quot;;\"><span>\u00a0<\/span>pone a disposici\u00f3n de la ciudadan\u00eda el correo electr\u00f3nico<span>\u00a0<\/span><a ymailto=\"mailto:cerotolerancia@fiscaliaedomex.gob.mx\" style=\"overflow-wrap: break-word; word-break: break-word; color: rgb(0, 99, 235);\" href=\"mailto:cerotolerancia@fiscaliaedomex.gob.mx\" target=\"_blank\" rel=\"nofollow noopener noreferrer\">cerotolerancia@fiscaliaedomex.gob.mx<\/a>, el n\u00famero telef\u00f3nico 800 7028770, o bien, la aplicaci\u00f3n FGJEdomex, la cual est\u00e1 disponible de manera gratuita para los tel\u00e9fonos inteligentes de los sistemas iOS y Android, para que en caso de reconocer a estos individuos como probables implicados en otro hecho delictivo, sean denunciados.\u00a0<\/span><\/p><\/p>\n","protected":false},"excerpt":{"rendered":"<p>*Por estos mismos hechos, tambi&eacute;n fue cumplimentado mandato judicial contra cinco elementos de la Polic&iacute;a&#8230;<\/p>\n","protected":false},"author":1,"featured_media":26427,"comment_status":"closed","ping_status":"closed","sticky":false,"template":"","format":"standard","meta":{"footnotes":""},"categories":[73],"tags":[],"class_list":["post-26426","post","type-post","status-publish","format-standard","has-post-thumbnail","hentry","category-fgjem"],"_links":{"self":[{"href":"https:\/\/www.notiflashmexiquense.com.mx\/index.php?rest_route=\/wp\/v2\/posts\/26426","targetHints":{"allow":["GET"]}}],"collection":[{"href":"https:\/\/www.notiflashmexiquense.com.mx\/index.php?rest_route=\/wp\/v2\/posts"}],"about":[{"href":"https:\/\/www.notiflashmexiquense.com.mx\/index.php?rest_route=\/wp\/v2\/types\/post"}],"author":[{"embeddable":true,"href":"https:\/\/www.notiflashmexiquense.com.mx\/index.php?rest_route=\/wp\/v2\/users\/1"}],"replies":[{"embeddable":true,"href":"https:\/\/www.notiflashmexiquense.com.mx\/index.php?rest_route=%2Fwp%2Fv2%2Fcomments&post=26426"}],"version-history":[{"count":1,"href":"https:\/\/www.notiflashmexiquense.com.mx\/index.php?rest_route=\/wp\/v2\/posts\/26426\/revisions"}],"predecessor-version":[{"id":26428,"href":"https:\/\/www.notiflashmexiquense.com.mx\/index.php?rest_route=\/wp\/v2\/posts\/26426\/revisions\/26428"}],"wp:featuredmedia":[{"embeddable":true,"href":"https:\/\/www.notiflashmexiquense.com.mx\/index.php?rest_route=\/wp\/v2\/media\/26427"}],"wp:attachment":[{"href":"https:\/\/www.notiflashmexiquense.com.mx\/index.php?rest_route=%2Fwp%2Fv2%2Fmedia&parent=26426"}],"wp:term":[{"taxonomy":"category","embeddable":true,"href":"https:\/\/www.notiflashmexiquense.com.mx\/index.php?rest_route=%2Fwp%2Fv2%2Fcategories&post=26426"},{"taxonomy":"post_tag","embeddable":true,"href":"https:\/\/www.notiflashmexiquense.com.mx\/index.php?rest_route=%2Fwp%2Fv2%2Ftags&post=26426"}],"curies":[{"name":"wp","href":"https:\/\/api.w.org\/{rel}","templated":true}]}}