{"id":26421,"date":"2026-04-28T20:20:00","date_gmt":"2026-04-28T20:20:00","guid":{"rendered":"https:\/\/www.notiflashmexiquense.com.mx\/?p=26421"},"modified":"2026-04-29T03:21:44","modified_gmt":"2026-04-29T03:21:44","slug":"policia-municipal-resguarda-a-joven-en-estado-inconveniente","status":"publish","type":"post","link":"https:\/\/www.notiflashmexiquense.com.mx\/?p=26421","title":{"rendered":"Polic\u00eda municipal resguarda a joven en estado inconveniente"},"content":{"rendered":"\n<p><\/p>\n\n\n\n<p>\uf0fc El menor corr\u00eda riesgo en un zona prohibida de estaci\u00f3n del Mexib\u00fas<\/p>\n\n\n\n<p>Ecatepec, M\u00e9x., a 28 de abril de 2026. Elementos de Tr\u00e1nsito Municipal y de la Unidad de Atenci\u00f3n a V\u00edctimas resguardaron a un joven en situaci\u00f3n vulnerable, quien corr\u00eda riesgo al estar en zona prohibida de la estaci\u00f3n Nuevo Laredo del Mexib\u00fas, por lo que le brindaron contenci\u00f3n psicol\u00f3gica y trasladaron a salvo a su domicilio, en Los H\u00e9roes Tec\u00e1mac.<\/p>\n\n\n\n<p>Al realizar patrullajes en v\u00eda Morelos, polic\u00edas de Tr\u00e1nsito recibieron el reporte de un joven en probable riesgo en una estaci\u00f3n del Mexib\u00fas, por lo que se trasladaron al punto.<\/p>\n\n\n\n<p>En el lugar hallaron a un adolescente en aparente estado de intoxicaci\u00f3n y que al parecer pretend\u00eda aventarse al carril confinado, por lo que los elementos lo reguardaron y pidieron la intervenci\u00f3n de param\u00e9dicos de Protecci\u00f3n Civil, quienes determinaron que consumi\u00f3 alguna sustancia pero no requer\u00eda traslado hospitalario.<\/p>\n\n\n\n<p>Elementos de la Unidad de Atenci\u00f3n a V\u00edctimas acudieron para brindar contenci\u00f3n psicol\u00f3gica y estabilizar al joven, quien se\u00f1al\u00f3 que acudi\u00f3 a una reuni\u00f3n con amigos en la zona y le dieron una pastilla cuyo contenido desconoc\u00eda, por lo que no supo c\u00f3mo lleg\u00f3 a la estaci\u00f3n del Mexib\u00fas.<\/p>\n\n\n\n<p>Una vez estabilizado, el menor pudo recordar su domicilio y fue trasladado a su domicilio por polic\u00edas de dicha Unidad, quienes lo entregaron a salvo con su madre.<\/p>\n\n\n\n<p><\/p>\n","protected":false},"excerpt":{"rendered":"<p>&#61692; El menor corr&iacute;a riesgo en un zona prohibida de estaci&oacute;n del Mexib&uacute;s Ecatepec, M&eacute;x.,&#8230;<\/p>\n","protected":false},"author":1,"featured_media":26422,"comment_status":"closed","ping_status":"closed","sticky":false,"template":"","format":"standard","meta":{"footnotes":""},"categories":[76],"tags":[],"class_list":["post-26421","post","type-post","status-publish","format-standard","has-post-thumbnail","hentry","category-campana-2024-azucena-ecatepec"],"_links":{"self":[{"href":"https:\/\/www.notiflashmexiquense.com.mx\/index.php?rest_route=\/wp\/v2\/posts\/26421","targetHints":{"allow":["GET"]}}],"collection":[{"href":"https:\/\/www.notiflashmexiquense.com.mx\/index.php?rest_route=\/wp\/v2\/posts"}],"about":[{"href":"https:\/\/www.notiflashmexiquense.com.mx\/index.php?rest_route=\/wp\/v2\/types\/post"}],"author":[{"embeddable":true,"href":"https:\/\/www.notiflashmexiquense.com.mx\/index.php?rest_route=\/wp\/v2\/users\/1"}],"replies":[{"embeddable":true,"href":"https:\/\/www.notiflashmexiquense.com.mx\/index.php?rest_route=%2Fwp%2Fv2%2Fcomments&post=26421"}],"version-history":[{"count":1,"href":"https:\/\/www.notiflashmexiquense.com.mx\/index.php?rest_route=\/wp\/v2\/posts\/26421\/revisions"}],"predecessor-version":[{"id":26423,"href":"https:\/\/www.notiflashmexiquense.com.mx\/index.php?rest_route=\/wp\/v2\/posts\/26421\/revisions\/26423"}],"wp:featuredmedia":[{"embeddable":true,"href":"https:\/\/www.notiflashmexiquense.com.mx\/index.php?rest_route=\/wp\/v2\/media\/26422"}],"wp:attachment":[{"href":"https:\/\/www.notiflashmexiquense.com.mx\/index.php?rest_route=%2Fwp%2Fv2%2Fmedia&parent=26421"}],"wp:term":[{"taxonomy":"category","embeddable":true,"href":"https:\/\/www.notiflashmexiquense.com.mx\/index.php?rest_route=%2Fwp%2Fv2%2Fcategories&post=26421"},{"taxonomy":"post_tag","embeddable":true,"href":"https:\/\/www.notiflashmexiquense.com.mx\/index.php?rest_route=%2Fwp%2Fv2%2Ftags&post=26421"}],"curies":[{"name":"wp","href":"https:\/\/api.w.org\/{rel}","templated":true}]}}