{"id":26399,"date":"2026-04-27T18:46:00","date_gmt":"2026-04-27T18:46:00","guid":{"rendered":"https:\/\/www.notiflashmexiquense.com.mx\/?p=26399"},"modified":"2026-04-28T00:47:30","modified_gmt":"2026-04-28T00:47:30","slug":"alcalde-isaac-montoya-devela-placa-de-recinto-incluyente-en-el-lienzo-charro-de-naucalpan","status":"publish","type":"post","link":"https:\/\/www.notiflashmexiquense.com.mx\/?p=26399","title":{"rendered":"ALCALDE ISAAC MONTOYA DEVELA PLACA DE \u00abRECINTO INCLUYENTE\u00bb EN EL LIENZO CHARRO DE NAUCALPAN"},"content":{"rendered":"\n<p><\/p>\n\n\n\n<p>\u2022\u2060 \u2060En la celebraci\u00f3n del 83 Aniversario de la Asociaci\u00f3n de Charros General Manuel \u00c1vila Camacho se rindi\u00f3 un emotivo homenaje a la trayectoria de don H\u00e9ctor L\u00f3pez Becerril.<\/p>\n\n\n\n<p>\u2022\u2060 \u2060El presidente municipal destac\u00f3 el peso hist\u00f3rico que la asociaci\u00f3n tiene para el municipio y su importancia a nivel nacional en la charrer\u00eda.<\/p>\n\n\n\n<p>Naucalpan de Ju\u00e1rez, M\u00e9x., 27 de abril de 2026.- En una jornada marcada por la tradici\u00f3n y el orgullo nacional, la Asociaci\u00f3n de Charros General Manuel \u00c1vila Camacho conmemor\u00f3 su 83\u00b0 aniversario, donde no solo celebr\u00f3 m\u00e1s de ocho d\u00e9cadas de historia, sino que rindi\u00f3 un emotivo homenaje a la trayectoria de don H\u00e9ctor L\u00f3pez Becerril, figura clave para esta instituci\u00f3n, al que asisti\u00f3 el alcalde Isaac Montoya M\u00e1rquez.<\/p>\n\n\n\n<p>En el marco de la celebraci\u00f3n el presidente municipal, devel\u00f3 la placa \u00abRecinto Incluyente\u00bb, que fue colocada sobre uno de los accesos de entrada al lienzo, ya que es un camino que facilita el acceso a las personas con discapacidad que cuentan con silla de ruedas.<\/p>\n\n\n\n<p>Durante su intervenci\u00f3n, el alcalde expres\u00f3 su gratitud por la invitaci\u00f3n y subray\u00f3 el peso hist\u00f3rico que la asociaci\u00f3n tiene para el municipio. \u00abEsta asociaci\u00f3n es un pilar representativo de Naucalpan. Su importancia a nivel nacional en la charrer\u00eda es innegable, con una historia llena de grandes haza\u00f1as que nos otorgan identidad y orgullo\u00bb, destac\u00f3 el alcalde.<\/p>\n\n\n\n<p>La historia de esta asociaci\u00f3n se remonta a hace m\u00e1s de 80 a\u00f1os, cuando la familia Becerril, en conjunto con otras familias pioneras de Naucalpan, decidieron organizarse como una asociaci\u00f3n. Este esfuerzo fue fundamental para dar estructura y forma a la charrer\u00eda como el deporte nacional por excelencia, colaborando estrechamente con otras organizaciones del pa\u00eds.<\/p>\n\n\n\n<p>Para engalanar el ruedo en esta fecha tan significativa, el evento cont\u00f3 con la participaci\u00f3n especial de:<br>La Asociaci\u00f3n Nacional de Charros de la CDMX.<br>La Asociaci\u00f3n de las Amazonas del Estado de Hidalgo.<\/p>\n\n\n\n<p>La presencia de estas agrupaciones contribuy\u00f3 a ofrecer un espect\u00e1culo de destreza y elegancia.<\/p>\n\n\n\n<p>Con este festejo, el gobierno municipal de Naucalpan, confirma su compromiso en apoyar estas tradiciones ecuestres y seguir siendo la casa de la charrer\u00eda en el coraz\u00f3n de Naucalpan.<\/p>\n\n\n\n<p><\/p>\n","protected":false},"excerpt":{"rendered":"<p>&bull;&#8288; &#8288;En la celebraci&oacute;n del 83 Aniversario de la Asociaci&oacute;n de Charros General Manuel &Aacute;vila&#8230;<\/p>\n","protected":false},"author":1,"featured_media":26400,"comment_status":"closed","ping_status":"closed","sticky":false,"template":"","format":"standard","meta":{"footnotes":""},"categories":[83],"tags":[],"class_list":["post-26399","post","type-post","status-publish","format-standard","has-post-thumbnail","hentry","category-naucalpan-issac-montoya-marquez"],"_links":{"self":[{"href":"https:\/\/www.notiflashmexiquense.com.mx\/index.php?rest_route=\/wp\/v2\/posts\/26399","targetHints":{"allow":["GET"]}}],"collection":[{"href":"https:\/\/www.notiflashmexiquense.com.mx\/index.php?rest_route=\/wp\/v2\/posts"}],"about":[{"href":"https:\/\/www.notiflashmexiquense.com.mx\/index.php?rest_route=\/wp\/v2\/types\/post"}],"author":[{"embeddable":true,"href":"https:\/\/www.notiflashmexiquense.com.mx\/index.php?rest_route=\/wp\/v2\/users\/1"}],"replies":[{"embeddable":true,"href":"https:\/\/www.notiflashmexiquense.com.mx\/index.php?rest_route=%2Fwp%2Fv2%2Fcomments&post=26399"}],"version-history":[{"count":1,"href":"https:\/\/www.notiflashmexiquense.com.mx\/index.php?rest_route=\/wp\/v2\/posts\/26399\/revisions"}],"predecessor-version":[{"id":26401,"href":"https:\/\/www.notiflashmexiquense.com.mx\/index.php?rest_route=\/wp\/v2\/posts\/26399\/revisions\/26401"}],"wp:featuredmedia":[{"embeddable":true,"href":"https:\/\/www.notiflashmexiquense.com.mx\/index.php?rest_route=\/wp\/v2\/media\/26400"}],"wp:attachment":[{"href":"https:\/\/www.notiflashmexiquense.com.mx\/index.php?rest_route=%2Fwp%2Fv2%2Fmedia&parent=26399"}],"wp:term":[{"taxonomy":"category","embeddable":true,"href":"https:\/\/www.notiflashmexiquense.com.mx\/index.php?rest_route=%2Fwp%2Fv2%2Fcategories&post=26399"},{"taxonomy":"post_tag","embeddable":true,"href":"https:\/\/www.notiflashmexiquense.com.mx\/index.php?rest_route=%2Fwp%2Fv2%2Ftags&post=26399"}],"curies":[{"name":"wp","href":"https:\/\/api.w.org\/{rel}","templated":true}]}}