{"id":26394,"date":"2026-04-27T11:35:00","date_gmt":"2026-04-27T11:35:00","guid":{"rendered":"https:\/\/www.notiflashmexiquense.com.mx\/?p=26394"},"modified":"2026-04-27T23:37:01","modified_gmt":"2026-04-27T23:37:01","slug":"detienen-en-operativo-a-sujeto-con-restos-de-crias-de-monos-y-tortugas","status":"publish","type":"post","link":"https:\/\/www.notiflashmexiquense.com.mx\/?p=26394","title":{"rendered":"Detienen en operativo a sujeto con restos de cr\u00edas de monos y tortugas"},"content":{"rendered":"\n<p><\/p>\n\n\n\n<p>Ecatepec, M\u00e9x., a 27 de abril de 2026. Durante el operativo Usuario Seguro, realizado en v\u00eda Morelos, polic\u00edas municipales detuvieron a un masculino que llevaba en una bolsa negra restos de dos cr\u00edas de mono, as\u00ed como tortugas, sin acreditar su legal procedencia, por lo que fue detenido y presentado ante el Ministerio P\u00fablico federal.<\/p>\n\n\n\n<p>El despliegue operativo lo realizaron elementos del Sector 10 a la altura de la colonia Altavilla, en dicha vialidad, direcci\u00f3n a San Crist\u00f3bal, quienes instalaron un filtro de revisi\u00f3n para detecci\u00f3n de objetos prohibidos que puedan poner en riesgo a los pasajeros.<\/p>\n\n\n\n<p>En un autob\u00fas del transporte p\u00fablico, proveniente de la Ciudad de M\u00e9xico y con destino a Santa Clara y La Presa, los uniformados pidieron descender a varios masculinos para la inspecci\u00f3n de sus pertenencias, uno de ellos con una bolsa negra que emanaba malos olores.<\/p>\n\n\n\n<p>Tras realizar la revisi\u00f3n, hallaron en el interior de la bolsa cinco tortugas y dos cr\u00edas de mono sin vida, sin que el masculino pudiera acreditar la legal pertenencia.<\/p>\n\n\n\n<p>De acuerdo con versiones del detenido, fue por ellos cerca de una estaci\u00f3n del Metro y ser\u00edan usados por su patrona para realizar diversos rituales de santer\u00eda.<\/p>\n\n\n\n<p>Por este motivo fue detenido Irving Francisco \u201cN\u201d, de 21 a\u00f1os de edad, por transportar, poseer o comercializar restos de fauna silvestre, por lo que fue trasladado al Ministerio P\u00fablico federal con sede en Ecatepec.<\/p>\n\n\n\n<p><\/p>\n","protected":false},"excerpt":{"rendered":"<p>Ecatepec, M&eacute;x., a 27 de abril de 2026. Durante el operativo Usuario Seguro, realizado en&#8230;<\/p>\n","protected":false},"author":1,"featured_media":26392,"comment_status":"closed","ping_status":"closed","sticky":false,"template":"","format":"standard","meta":{"footnotes":""},"categories":[76],"tags":[],"class_list":["post-26394","post","type-post","status-publish","format-standard","has-post-thumbnail","hentry","category-campana-2024-azucena-ecatepec"],"_links":{"self":[{"href":"https:\/\/www.notiflashmexiquense.com.mx\/index.php?rest_route=\/wp\/v2\/posts\/26394","targetHints":{"allow":["GET"]}}],"collection":[{"href":"https:\/\/www.notiflashmexiquense.com.mx\/index.php?rest_route=\/wp\/v2\/posts"}],"about":[{"href":"https:\/\/www.notiflashmexiquense.com.mx\/index.php?rest_route=\/wp\/v2\/types\/post"}],"author":[{"embeddable":true,"href":"https:\/\/www.notiflashmexiquense.com.mx\/index.php?rest_route=\/wp\/v2\/users\/1"}],"replies":[{"embeddable":true,"href":"https:\/\/www.notiflashmexiquense.com.mx\/index.php?rest_route=%2Fwp%2Fv2%2Fcomments&post=26394"}],"version-history":[{"count":1,"href":"https:\/\/www.notiflashmexiquense.com.mx\/index.php?rest_route=\/wp\/v2\/posts\/26394\/revisions"}],"predecessor-version":[{"id":26395,"href":"https:\/\/www.notiflashmexiquense.com.mx\/index.php?rest_route=\/wp\/v2\/posts\/26394\/revisions\/26395"}],"wp:featuredmedia":[{"embeddable":true,"href":"https:\/\/www.notiflashmexiquense.com.mx\/index.php?rest_route=\/wp\/v2\/media\/26392"}],"wp:attachment":[{"href":"https:\/\/www.notiflashmexiquense.com.mx\/index.php?rest_route=%2Fwp%2Fv2%2Fmedia&parent=26394"}],"wp:term":[{"taxonomy":"category","embeddable":true,"href":"https:\/\/www.notiflashmexiquense.com.mx\/index.php?rest_route=%2Fwp%2Fv2%2Fcategories&post=26394"},{"taxonomy":"post_tag","embeddable":true,"href":"https:\/\/www.notiflashmexiquense.com.mx\/index.php?rest_route=%2Fwp%2Fv2%2Ftags&post=26394"}],"curies":[{"name":"wp","href":"https:\/\/api.w.org\/{rel}","templated":true}]}}