{"id":26387,"date":"2026-04-27T16:11:00","date_gmt":"2026-04-27T16:11:00","guid":{"rendered":"https:\/\/www.notiflashmexiquense.com.mx\/?p=26387"},"modified":"2026-04-27T23:13:03","modified_gmt":"2026-04-27T23:13:03","slug":"gobierno-de-naucalpan-rescata-y-eleva-la-oda-de-hierro-tras-decadas-en-el-olvido","status":"publish","type":"post","link":"https:\/\/www.notiflashmexiquense.com.mx\/?p=26387","title":{"rendered":"GOBIERNO DE NAUCALPAN RESCATA Y ELEVA LA ODA DE HIERRO TRAS D\u00c9CADAS EN EL OLVIDO"},"content":{"rendered":"\n<p><\/p>\n\n\n\n<p>\u2022 El Alcalde Isaac Montoya a trav\u00e9s de las Huellas de la Transformaci\u00f3n proyect\u00f3 un nuevo monumento desarrollado por la Arq. mexicana Alejandra \u00c1ngeles de la Cruz.<\/p>\n\n\n\n<p>\u2022 Este nuevo monumento representa y ensalza la fuerza de la clase trabajadora de Naucalpan representada por 8 columnas, de los 8 principales oficios de este municipio.<\/p>\n\n\n\n<p>Naucalpan de Ju\u00e1rez, M\u00e9x., 27 de abril de 2026.- A trav\u00e9s del programa Huellas de la Transformaci\u00f3n el gobierno del Alcalde Isaac Montoya M\u00e1rquez realiza el rescate de la emblem\u00e1tica Oda de Hierro u Oda a la Industria, asentada en el coraz\u00f3n de Naucalpan, ahora es un nuevo monumento desarrollado por la Arq. mexicana Alejandra \u00c1ngeles de la Cruz, que eleva la escultura, devolvi\u00e9ndole el valor que por d\u00e9cadas permaneci\u00f3 en el olvido.<\/p>\n\n\n\n<p>Los trabajos que realiza la Direcci\u00f3n de Servicios P\u00fablicos en este espacio ubicado en el cruce de dos importantes v\u00edas, la avenida Gustavo Baz y Primero de Mayo ser\u00e1n concluidos este 30 de abril. Este nuevo monumento, representa la vocaci\u00f3n industrial y ensalza la fuerza de la clase trabajadora de Naucalpan representada por 8 columnas, cada una representando uno de los 8 principales oficios de este municipio.<\/p>\n\n\n\n<p>Las columnas, se representan sosteniendo firmemente con esfuerzo renovado la Oda a la Industria, o conocido como Monumento al Obrero y coloquialmente como el Mono de Fierro, unen finalmente el pasado hist\u00f3rico del municipio de Naucalpan con la vocaci\u00f3n industrial actual del mismo.<\/p>\n\n\n\n<p>Del mismo modo, en este nuevo monumento se reconoce la importancia de la vocaci\u00f3n industrial del municipio, pero sobre todo de la clase obrera, que son quienes sostienen en sus hombros y con su esfuerzo esta vocaci\u00f3n.<\/p>\n\n\n\n<p>Desde 1967 la Oda de Hierro creada por el escultor Eduardo Xochitiotzin rinde homenaje a los trabajadores naucalpenses y con la renovaci\u00f3n impulsada por el Alcalde Isaac Montoya, realizada por trabajadores de Servicios P\u00fablicos a trav\u00e9s del programa Huellas de la Transformaci\u00f3n, dar\u00e1 cabida en la parte inferior (coraz\u00f3n de esta construcci\u00f3n) espacios para talleres de oficios y culturales.<\/p>\n\n\n\n<p>La Oda a la Industria estar\u00e1 rodeado de una plaza p\u00fablica que como en los a\u00f1os dorados de este monumento ser\u00e1 punto de reuni\u00f3n y referente p\u00fablico de este municipio, contar\u00e1 con \u00e1reas verdes, bancas, luminarias nuevas para convertirse en un renovado espacio p\u00fablico, que fortalecer\u00e1 el tejido social y devolver\u00e1 el reconocimiento a los trabajadores y la industria de nuestro municipio.<\/p>\n\n\n\n<p><\/p>\n","protected":false},"excerpt":{"rendered":"<p>&bull; El Alcalde Isaac Montoya a trav&eacute;s de las Huellas de la Transformaci&oacute;n proyect&oacute; un&#8230;<\/p>\n","protected":false},"author":1,"featured_media":26388,"comment_status":"closed","ping_status":"closed","sticky":false,"template":"","format":"standard","meta":{"footnotes":""},"categories":[83],"tags":[],"class_list":["post-26387","post","type-post","status-publish","format-standard","has-post-thumbnail","hentry","category-naucalpan-issac-montoya-marquez"],"_links":{"self":[{"href":"https:\/\/www.notiflashmexiquense.com.mx\/index.php?rest_route=\/wp\/v2\/posts\/26387","targetHints":{"allow":["GET"]}}],"collection":[{"href":"https:\/\/www.notiflashmexiquense.com.mx\/index.php?rest_route=\/wp\/v2\/posts"}],"about":[{"href":"https:\/\/www.notiflashmexiquense.com.mx\/index.php?rest_route=\/wp\/v2\/types\/post"}],"author":[{"embeddable":true,"href":"https:\/\/www.notiflashmexiquense.com.mx\/index.php?rest_route=\/wp\/v2\/users\/1"}],"replies":[{"embeddable":true,"href":"https:\/\/www.notiflashmexiquense.com.mx\/index.php?rest_route=%2Fwp%2Fv2%2Fcomments&post=26387"}],"version-history":[{"count":1,"href":"https:\/\/www.notiflashmexiquense.com.mx\/index.php?rest_route=\/wp\/v2\/posts\/26387\/revisions"}],"predecessor-version":[{"id":26389,"href":"https:\/\/www.notiflashmexiquense.com.mx\/index.php?rest_route=\/wp\/v2\/posts\/26387\/revisions\/26389"}],"wp:featuredmedia":[{"embeddable":true,"href":"https:\/\/www.notiflashmexiquense.com.mx\/index.php?rest_route=\/wp\/v2\/media\/26388"}],"wp:attachment":[{"href":"https:\/\/www.notiflashmexiquense.com.mx\/index.php?rest_route=%2Fwp%2Fv2%2Fmedia&parent=26387"}],"wp:term":[{"taxonomy":"category","embeddable":true,"href":"https:\/\/www.notiflashmexiquense.com.mx\/index.php?rest_route=%2Fwp%2Fv2%2Fcategories&post=26387"},{"taxonomy":"post_tag","embeddable":true,"href":"https:\/\/www.notiflashmexiquense.com.mx\/index.php?rest_route=%2Fwp%2Fv2%2Ftags&post=26387"}],"curies":[{"name":"wp","href":"https:\/\/api.w.org\/{rel}","templated":true}]}}