{"id":26384,"date":"2026-04-26T16:31:00","date_gmt":"2026-04-26T16:31:00","guid":{"rendered":"https:\/\/www.notiflashmexiquense.com.mx\/?p=26384"},"modified":"2026-04-27T02:33:05","modified_gmt":"2026-04-27T02:33:05","slug":"policia-municipal-fiscalia-y-marina-detienen-a-enfermero-agresor","status":"publish","type":"post","link":"https:\/\/www.notiflashmexiquense.com.mx\/?p=26384","title":{"rendered":"Polic\u00eda municipal, Fiscal\u00eda y Marina detienen a enfermero agresor"},"content":{"rendered":"\n<p><\/p>\n\n\n\n<p>Ecatepec, M\u00e9x., 26 de abril de 2026. Como resultado de trabajos de inteligencia, elementos de la Polic\u00eda Metropolitana de Ecatepec, la Fiscal\u00eda Mexiquense y Fuerza de Tarea Marina, detuvieron a Pedro Jared \u201cN\u201d de 23 a\u00f1os, en Atlacomulco, quien bajo el influjo de estupefacientes, lesion\u00f3 con arma blanca a su pareja en diversas partes del cuerpo en una vivienda del fraccionamiento La Guadalupana, lo cual le provoc\u00f3 un estado de coma temporal.<\/p>\n\n\n\n<p>Los hechos ocurrieron el 10 de marzo cuando el masculino quien se desempe\u00f1aba como enfermero, agredi\u00f3 con una navaja en repitas ocasiones a su pareja Wendy \u201cN\u201d, de 21 a\u00f1os, caus\u00e1ndole m\u00faltiples laceraciones en cara, cuello, abdomen y un pulm\u00f3n.<\/p>\n\n\n\n<p>El ataque llev\u00f3 a la mujer a un estado de coma temporal y la dej\u00f3 en cama con salud cr\u00edtica, por lo que se inici\u00f3 una carpeta de investigaci\u00f3n ante la Fiscal\u00eda Mexiquense.<\/p>\n\n\n\n<p>Tras varias semanas de trabajos de inteligencia en coordinaci\u00f3n entre Polic\u00eda Municipal Metropolitana, Polic\u00eda de Investigaci\u00f3n estatal, Polic\u00eda de Investigaci\u00f3n de G\u00e9nero y Fuerza de Tarea Marina, se logr\u00f3 la detenci\u00f3n del agresor, en cumplimiento a una orden de aprehensi\u00f3n por tentativa de homicidio.<\/p>\n\n\n\n<p>Pedro Jared \u201cN\u201d, fue detenido por las fuerzas policiales al interior de las instalaciones de un grupo de Alcoh\u00f3licos An\u00f3nimos en Atlacomulco y se realiz\u00f3 su traslado a la Agencia Especializada en Violencia Familiar, Sexual y de G\u00e9nero de Ecatepec para su certificaci\u00f3n m\u00e9dica y posteriormente fue llevado al penal de Chiconautla.<\/p>\n\n\n\n<p>Mientras que en el fraccionamiento La Guadalupana fueron detenidos cuatro familiares por su probable complicidad: Gerardo \u201cN\u201d, de 49 a\u00f1os, Isabel \u201cN\u201d de 46 a\u00f1os, Samanta \u201cN\u201d de 29 a\u00f1os y Ulises \u201cN\u201d de 17 a\u00f1os, quienes tambi\u00e9n fueron presentados ante el ministerio p\u00fablico de AMPEVIS.<\/p>\n\n\n\n<p>Desde la agresi\u00f3n, la polic\u00eda municipal mantuvo puntual seguimiento al caso y coordinaci\u00f3n con la Fiscal\u00eda Mexiquense, adem\u00e1s de que personal de la Unidad de Atenci\u00f3n a V\u00edctimas intervino para localizar a los familiares de Wendy \u201cN\u201d, cuando ingres\u00f3 en estado grave al Hospital Las Am\u00e9ricas y estuvo en terapia intensiva, y a quienes brind\u00f3 contenci\u00f3n psicol\u00f3gica, as\u00ed como asesor\u00eda jur\u00eddica.<\/p>\n\n\n\n<p><\/p>\n","protected":false},"excerpt":{"rendered":"<p>Ecatepec, M&eacute;x., 26 de abril de 2026. Como resultado de trabajos de inteligencia, elementos de&#8230;<\/p>\n","protected":false},"author":1,"featured_media":26385,"comment_status":"closed","ping_status":"closed","sticky":false,"template":"","format":"standard","meta":{"footnotes":""},"categories":[76],"tags":[],"class_list":["post-26384","post","type-post","status-publish","format-standard","has-post-thumbnail","hentry","category-campana-2024-azucena-ecatepec"],"_links":{"self":[{"href":"https:\/\/www.notiflashmexiquense.com.mx\/index.php?rest_route=\/wp\/v2\/posts\/26384","targetHints":{"allow":["GET"]}}],"collection":[{"href":"https:\/\/www.notiflashmexiquense.com.mx\/index.php?rest_route=\/wp\/v2\/posts"}],"about":[{"href":"https:\/\/www.notiflashmexiquense.com.mx\/index.php?rest_route=\/wp\/v2\/types\/post"}],"author":[{"embeddable":true,"href":"https:\/\/www.notiflashmexiquense.com.mx\/index.php?rest_route=\/wp\/v2\/users\/1"}],"replies":[{"embeddable":true,"href":"https:\/\/www.notiflashmexiquense.com.mx\/index.php?rest_route=%2Fwp%2Fv2%2Fcomments&post=26384"}],"version-history":[{"count":1,"href":"https:\/\/www.notiflashmexiquense.com.mx\/index.php?rest_route=\/wp\/v2\/posts\/26384\/revisions"}],"predecessor-version":[{"id":26386,"href":"https:\/\/www.notiflashmexiquense.com.mx\/index.php?rest_route=\/wp\/v2\/posts\/26384\/revisions\/26386"}],"wp:featuredmedia":[{"embeddable":true,"href":"https:\/\/www.notiflashmexiquense.com.mx\/index.php?rest_route=\/wp\/v2\/media\/26385"}],"wp:attachment":[{"href":"https:\/\/www.notiflashmexiquense.com.mx\/index.php?rest_route=%2Fwp%2Fv2%2Fmedia&parent=26384"}],"wp:term":[{"taxonomy":"category","embeddable":true,"href":"https:\/\/www.notiflashmexiquense.com.mx\/index.php?rest_route=%2Fwp%2Fv2%2Fcategories&post=26384"},{"taxonomy":"post_tag","embeddable":true,"href":"https:\/\/www.notiflashmexiquense.com.mx\/index.php?rest_route=%2Fwp%2Fv2%2Ftags&post=26384"}],"curies":[{"name":"wp","href":"https:\/\/api.w.org\/{rel}","templated":true}]}}