{"id":26365,"date":"2026-04-25T17:49:00","date_gmt":"2026-04-25T17:49:00","guid":{"rendered":"https:\/\/www.notiflashmexiquense.com.mx\/?p=26365"},"modified":"2026-04-26T00:51:06","modified_gmt":"2026-04-26T00:51:06","slug":"recuperan-zona-federal-invadida-por-camiones-recolectores-de-basura","status":"publish","type":"post","link":"https:\/\/www.notiflashmexiquense.com.mx\/?p=26365","title":{"rendered":"Recuperan zona federal invadida por camiones recolectores de basura"},"content":{"rendered":"\n<p><\/p>\n\n\n\n<p>\uf0fc Retiran con maquinaria pesada m\u00e1s de 50 toneladas de desechos<\/p>\n\n\n\n<p>Ecatepec, M\u00e9x., a 25 de abril de 2026. En operativo conjunto, la polic\u00eda municipal, Protecci\u00f3n Civil y Bomberos, Movilidad, Consejer\u00eda Jur\u00eddica y Servicios P\u00fablicos realizaron una intervenci\u00f3n para recuperar espacios p\u00fablicos en la colonia Franja Valle de M\u00e9xico, que estaban invadidos por veh\u00edculos recolectores de basura en zona federal.<\/p>\n\n\n\n<p>Estas acciones forman parte de la Estrategia Integral de Seguridad Ciudadana para la Construcci\u00f3n de la Paz, con la intervenci\u00f3n de Fuerza de Tarea Marina, Grupo de Operaciones Especiales, Polic\u00eda Metropolitana y Tr\u00e1nsito Municipal.<\/p>\n\n\n\n<p>Durante el despliegue se realiz\u00f3 el retiro de veh\u00edculos abandonados, objetos y estructuras que invad\u00edan la v\u00eda p\u00fablica, con la finalidad de liberar \u00e1reas ocupadas indebidamente, mejorar la movilidad urbana y fortalecer la seguridad en las calles.<\/p>\n\n\n\n<p>La Direcci\u00f3n de Movilidad retir\u00f3 seis camiones de tres y media toneladas, que eran usados para la recolecci\u00f3n de residuos pero invad\u00edan terrenos federales y provocaban focos de infecci\u00f3n en la zona, adem\u00e1s de representar riesgo de posibles incendios pues los dejaban abandonados por las noches cargados de diversos materiales.<\/p>\n\n\n\n<p>La Direcci\u00f3n de Servicios P\u00fablicos tambi\u00e9n realiz\u00f3 trabajos de limpieza en la zona y retir\u00f3 con maquinaria pesada un total de 50 toneladas de cascajo, diversos tipos de desechos, pet, pl\u00e1sticos y piedras que eran acumulados en la zona federal.<\/p>\n\n\n\n<p><\/p>\n","protected":false},"excerpt":{"rendered":"<p>&#61692; Retiran con maquinaria pesada m&aacute;s de 50 toneladas de desechos Ecatepec, M&eacute;x., a 25&#8230;<\/p>\n","protected":false},"author":1,"featured_media":26366,"comment_status":"closed","ping_status":"closed","sticky":false,"template":"","format":"standard","meta":{"footnotes":""},"categories":[76],"tags":[],"class_list":["post-26365","post","type-post","status-publish","format-standard","has-post-thumbnail","hentry","category-campana-2024-azucena-ecatepec"],"_links":{"self":[{"href":"https:\/\/www.notiflashmexiquense.com.mx\/index.php?rest_route=\/wp\/v2\/posts\/26365","targetHints":{"allow":["GET"]}}],"collection":[{"href":"https:\/\/www.notiflashmexiquense.com.mx\/index.php?rest_route=\/wp\/v2\/posts"}],"about":[{"href":"https:\/\/www.notiflashmexiquense.com.mx\/index.php?rest_route=\/wp\/v2\/types\/post"}],"author":[{"embeddable":true,"href":"https:\/\/www.notiflashmexiquense.com.mx\/index.php?rest_route=\/wp\/v2\/users\/1"}],"replies":[{"embeddable":true,"href":"https:\/\/www.notiflashmexiquense.com.mx\/index.php?rest_route=%2Fwp%2Fv2%2Fcomments&post=26365"}],"version-history":[{"count":1,"href":"https:\/\/www.notiflashmexiquense.com.mx\/index.php?rest_route=\/wp\/v2\/posts\/26365\/revisions"}],"predecessor-version":[{"id":26367,"href":"https:\/\/www.notiflashmexiquense.com.mx\/index.php?rest_route=\/wp\/v2\/posts\/26365\/revisions\/26367"}],"wp:featuredmedia":[{"embeddable":true,"href":"https:\/\/www.notiflashmexiquense.com.mx\/index.php?rest_route=\/wp\/v2\/media\/26366"}],"wp:attachment":[{"href":"https:\/\/www.notiflashmexiquense.com.mx\/index.php?rest_route=%2Fwp%2Fv2%2Fmedia&parent=26365"}],"wp:term":[{"taxonomy":"category","embeddable":true,"href":"https:\/\/www.notiflashmexiquense.com.mx\/index.php?rest_route=%2Fwp%2Fv2%2Fcategories&post=26365"},{"taxonomy":"post_tag","embeddable":true,"href":"https:\/\/www.notiflashmexiquense.com.mx\/index.php?rest_route=%2Fwp%2Fv2%2Ftags&post=26365"}],"curies":[{"name":"wp","href":"https:\/\/api.w.org\/{rel}","templated":true}]}}