{"id":26359,"date":"2026-04-25T17:07:00","date_gmt":"2026-04-25T17:07:00","guid":{"rendered":"https:\/\/www.notiflashmexiquense.com.mx\/?p=26359"},"modified":"2026-04-26T00:09:56","modified_gmt":"2026-04-26T00:09:56","slug":"san-cristobal-ecatepec-de-morelos-recibe-el-titulo-de-ciudad-heroica","status":"publish","type":"post","link":"https:\/\/www.notiflashmexiquense.com.mx\/?p=26359","title":{"rendered":"San Crist\u00f3bal Ecatepec de Morelos recibe el t\u00edtulo de \u00abCiudad Heroica\u00bb"},"content":{"rendered":"\n<p><\/p>\n\n\n\n<p>\uf0fc El barrio de San Juan Acalhuacan es declarado como \u00abSitio de inter\u00e9s hist\u00f3rico\u00bb<\/p>\n\n\n\n<p>\uf0fc Celebra Ecatepec 206 Aniversario de su fundaci\u00f3n como municipio<\/p>\n\n\n\n<p>Ecatepec, M\u00e9x., 25 de abril de 2026.- En el marco del 206 Aniversario de la fundaci\u00f3n del municipio de Ecatepec, se realiz\u00f3 la declaratoria de San Crist\u00f3bal Ecatepec de Morelos como \u00abCiudad Heroica\u00bb y el Barrio de San Juan Acalhuacan como \u00abSitio de inter\u00e9s hist\u00f3rico\u00bb.<\/p>\n\n\n\n<p>En la Casa de Morelos, se realiz\u00f3 la ceremonia protocolaria, donde la alcaldesa Azucena Cisneros Coss recibi\u00f3 un pergamino de piel con el t\u00edtulo de \u201cHeroica Ciudad de San Crist\u00f3bal Ecatepec de Morelos y sitio de inter\u00e9s hist\u00f3rico al barrio de San Juan Acalhuacan\u201d, otorgado por la Asociaci\u00f3n Nacional de Cronistas de Comunidades y Ciudades Mexicanas A.C. (ANACCIM).<\/p>\n\n\n\n<p>Al hacer uso de la palabra, Cisneros Coss afirm\u00f3 que la conmemoraci\u00f3n del 206 Aniversario de la Erecci\u00f3n del municipio de Ecatepec de Morelos \u201ctiene un gran valor\u201d, debido a la declaratoria.<\/p>\n\n\n\n<p>De igual forma, consider\u00f3 pertinente realizar los tr\u00e1mites necesarios para el reconocimiento de otros lugares emblem\u00e1ticos de Ecatepec y sus nueve pueblos, con el fin de preservar su legado como zonas de inter\u00e9s hist\u00f3rico.<\/p>\n\n\n\n<p>Frente a las y los invitados que se dieron cita en el evento, record\u00f3 que antes de que existiera M\u00e9xico como pa\u00eds, \u201caqu\u00ed ya \u00e9ramos un se\u00f1or\u00edo. Aqu\u00ed estaba el Cerro del Eh\u00e9catl, dedicado al Se\u00f1or del Viento, un dios civilizador, una advocaci\u00f3n de Quetzalc\u00f3atl\u201d; sin embargo, consider\u00f3 que tal vez el hecho hist\u00f3rico m\u00e1s relevante de esta tierra fue el tr\u00e1gico fusilamiento de Morelos. \u201cPor eso nuestro municipio lleva con orgullo el nombre de Ecatepec de Morelos\u201d.<\/p>\n\n\n\n<p>La presidenta de Ecatepec consider\u00f3 que \u201ctoda la gloria hist\u00f3rica de nuestro territorio se opac\u00f3 por d\u00e9cadas de abandono gubernamental (\u2026) pero, por supuesto que esto se acab\u00f3; hoy estamos aqu\u00ed miles y miles de ciudadanos que trabajamos todos los d\u00edas de la mano. El primer a\u00f1o hubo m\u00e1s de mil obras y este a\u00f1o estamos considerando que vamos a hacer casi 3 mil obras. Esa es una realidad\u201d.<\/p>\n\n\n\n<p>Mientras tanto, la cronista municipal, Ang\u00e9lica Rivero L\u00f3pez, indic\u00f3 que \u201chablar de Ecatepec de Morelos es hablar de una historia que no comienza con la tinta de los documentos; mucho antes de que existieran fronteras, ya exist\u00eda Ecatepec como un espacio sagrado, habitado por mujeres y hombres que entendieron el ritmo de la tierra y el movimiento del cielo\u201d.<\/p>\n\n\n\n<p>Subray\u00f3 que los habitantes de este municipio son herederos de una tierra antigua, que ha visto pasar civilizaciones enteras, pero la fecha que marc\u00f3 para siempre la historia de Ecatepec fue el 22 de diciembre de 1815; ese d\u00eda, en el barrio de San Juan Acalhuacan, fue fusilado el general insurgente Jos\u00e9 Mar\u00eda Morelos y Pav\u00f3n, uno de los pilares de la lucha por la independencia. \u201cSu muerte no es un hecho menor: es un s\u00edmbolo que nos obliga a reflexionar sobre el valor, el sacrificio y la deuda hist\u00f3rica que a\u00fan tenemos con este territorio\u201d.<\/p>\n\n\n\n<p>Rivero L\u00f3pez reflexion\u00f3: \u201cAqu\u00ed cay\u00f3 Morelos, defendiendo la causa nacional, y aqu\u00ed el d\u00eda de hoy se reconoce plenamente la dimensi\u00f3n heroica de ese acto\u201d.<\/p>\n\n\n\n<p>Por ello, en sesi\u00f3n solemne de Cabildo del H. Ayuntamiento de Ecatepec de Morelos, con base en el dictamen emitido por la Asociaci\u00f3n Nacional de Cronistas de Comunidades y Ciudades Mexicanas, a trav\u00e9s de la Comisi\u00f3n de Ciudadanos Heroicos de M\u00e9xico, tuvieron a bien ser fedatarios de la declaratoria de San Crist\u00f3bal Ecatepec de Morelos como Ciudad Heroica y el barrio de San Juan Acalhuacan como sitio de inter\u00e9s hist\u00f3rico, dijo.<\/p>\n\n\n\n<p>Asimismo, inform\u00f3 que se elabor\u00f3 la publicaci\u00f3n \u201cCiudad Heroica, San Crist\u00f3bal Ecatepec de Morelos\u201d, en donde se menciona el aparato cr\u00edtico y el sustento documental e historiogr\u00e1fico, por el cual se alcanz\u00f3 el rango de heroico.<\/p>\n\n\n\n<p>En tanto que Gabriel Guerrero Romero, presidente nacional de la ANACCIM, apunt\u00f3 que \u201cLas ciudades no se vuelven heroicas por decreto: se vuelven heroicas por la memoria acumulada de sus habitantes, por esos actos de dignidad -muchas veces silenciosos- que se han tejido en sus calles, en sus plazas y en sus hogares. Aqu\u00ed, en esta tierra, la historia ha sido testigo de momentos decisivos que hablan de identidad, de resistencia y de un amor profundo por M\u00e9xico\u201d.<\/p>\n\n\n\n<p>La jefa de la jurisdicci\u00f3n sanitaria de Ecatepec, Daniela Eugenia Hern\u00e1ndez, representante personal de la gobernadora, Delfina G\u00f3mez \u00c1lvarez, reiter\u00f3 el compromiso del Gobierno del Estado y el sector Salud de seguir trabajando de manera coordinada para garantizar el bienestar integral de la poblaci\u00f3n y promover acciones que fortalezcan la prevenci\u00f3n, atenci\u00f3n y calidad de los servicios de salud.<\/p>\n\n\n\n<p>Por \u00faltimo, la alcaldesa, Azucena Cisneros y los invitados se tomaron una fotograf\u00eda oficial junto a la placa conmemorativa por la declaratoria de San Crist\u00f3bal Ecatepec de Morelos como \u00abCiudad Heroica\u00bb y el Barrio de San Juan Acalhuacan como \u00abSitio de inter\u00e9s hist\u00f3rico\u00bb.<\/p>\n\n\n\n<p><\/p>\n","protected":false},"excerpt":{"rendered":"<p>&#61692; El barrio de San Juan Acalhuacan es declarado como &laquo;Sitio de inter&eacute;s hist&oacute;rico&raquo; &#61692;&#8230;<\/p>\n","protected":false},"author":1,"featured_media":26360,"comment_status":"closed","ping_status":"closed","sticky":false,"template":"","format":"standard","meta":{"footnotes":""},"categories":[76],"tags":[],"class_list":["post-26359","post","type-post","status-publish","format-standard","has-post-thumbnail","hentry","category-campana-2024-azucena-ecatepec"],"_links":{"self":[{"href":"https:\/\/www.notiflashmexiquense.com.mx\/index.php?rest_route=\/wp\/v2\/posts\/26359","targetHints":{"allow":["GET"]}}],"collection":[{"href":"https:\/\/www.notiflashmexiquense.com.mx\/index.php?rest_route=\/wp\/v2\/posts"}],"about":[{"href":"https:\/\/www.notiflashmexiquense.com.mx\/index.php?rest_route=\/wp\/v2\/types\/post"}],"author":[{"embeddable":true,"href":"https:\/\/www.notiflashmexiquense.com.mx\/index.php?rest_route=\/wp\/v2\/users\/1"}],"replies":[{"embeddable":true,"href":"https:\/\/www.notiflashmexiquense.com.mx\/index.php?rest_route=%2Fwp%2Fv2%2Fcomments&post=26359"}],"version-history":[{"count":1,"href":"https:\/\/www.notiflashmexiquense.com.mx\/index.php?rest_route=\/wp\/v2\/posts\/26359\/revisions"}],"predecessor-version":[{"id":26361,"href":"https:\/\/www.notiflashmexiquense.com.mx\/index.php?rest_route=\/wp\/v2\/posts\/26359\/revisions\/26361"}],"wp:featuredmedia":[{"embeddable":true,"href":"https:\/\/www.notiflashmexiquense.com.mx\/index.php?rest_route=\/wp\/v2\/media\/26360"}],"wp:attachment":[{"href":"https:\/\/www.notiflashmexiquense.com.mx\/index.php?rest_route=%2Fwp%2Fv2%2Fmedia&parent=26359"}],"wp:term":[{"taxonomy":"category","embeddable":true,"href":"https:\/\/www.notiflashmexiquense.com.mx\/index.php?rest_route=%2Fwp%2Fv2%2Fcategories&post=26359"},{"taxonomy":"post_tag","embeddable":true,"href":"https:\/\/www.notiflashmexiquense.com.mx\/index.php?rest_route=%2Fwp%2Fv2%2Ftags&post=26359"}],"curies":[{"name":"wp","href":"https:\/\/api.w.org\/{rel}","templated":true}]}}